{"id":90,"date":"2005-03-23T07:15:52","date_gmt":"2005-03-23T06:15:52","guid":{"rendered":"https:\/\/news.lamprecht.net\/?p=90"},"modified":"2005-03-20T12:16:06","modified_gmt":"2005-03-20T11:16:06","slug":"das-leidige-treppenproblem","status":"publish","type":"post","link":"https:\/\/news.lamprecht.net\/index.php\/2005\/03\/23\/das-leidige-treppenproblem\/","title":{"rendered":"Das leidige Treppenproblem"},"content":{"rendered":"<p>Sie haben auch das gro\u00dfe Gl\u00fcck mit Kindern in einem Haus oder einer Wohnung mit mehreren Stockwerken zu leben? Dann ist Ihnen mit Sicherheit das Ph\u00e4nomen ewig zugestellter Treppenaufg\u00e4nge nicht unbekannt. Pfeffern die lieben Kleinen doch gern ihre Schultasche zun\u00e4chst neben die Treppe, bis sie nach oben. Dumm, wenn dann zun\u00e4chst dringlich ein Freund besucht werden mu\u00df, bevor der Gang in das n\u00e4chste Stockwerk erfolgt. <\/p>\n<p>In einem Haushalt m\u00fcssen dauernd Dinge herauf- und herunter genommen werden. Meist liegen diese dann irgendwo in den R\u00e4umen verteilt. Kleiner Tipp: Besorgen Sie sich pro Etage eine Klappkiste oder ein \u00e4hnliches Beh\u00e4ltnis. Dies stellen Sie dann direkt neben den Treppenaufgang. Wann immer Ihnen nun ein Gegenstand in die H\u00e4nde f\u00e4llt, der in das andere Stockwerk geh\u00f6rt, legen Sie ihn in die Kiste. Der n\u00e4chste, der die Treppe heraufgeht, nimmt die Kiste mit und r\u00e4umt die Gegenst\u00e4nde an ihren Platz ein. Die leere Kiste wird dann an den Treppenabsatz in der Etage gestellt und die dortige volle Kiste mit heruntergenommen.<\/p>\n","protected":false},"excerpt":{"rendered":"<p>Sie haben auch das gro\u00dfe Gl\u00fcck mit Kindern in einem Haus oder einer Wohnung mit mehreren Stockwerken zu leben? Dann ist Ihnen mit Sicherheit das Ph\u00e4nomen ewig zugestellter Treppenaufg\u00e4nge nicht unbekannt. Pfeffern die lieben Kleinen doch gern ihre Schultasche zun\u00e4chst neben die Treppe, bis sie nach oben. Dumm, wenn dann zun\u00e4chst dringlich ein Freund besucht &hellip; <\/p>\n<p class=\"link-more\"><a href=\"https:\/\/news.lamprecht.net\/index.php\/2005\/03\/23\/das-leidige-treppenproblem\/\" class=\"more-link\"><span class=\"screen-reader-text\">\u201eDas leidige Treppenproblem\u201c <\/span>weiterlesen<\/a><\/p>\n","protected":false},"author":2,"featured_media":0,"comment_status":"open","ping_status":"open","sticky":false,"template":"","format":"aside","meta":{"advanced_seo_description":"","jetpack_seo_html_title":"","jetpack_seo_noindex":false,"_jetpack_memberships_contains_paid_content":false,"footnotes":"","jetpack_publicize_message":"","jetpack_publicize_feature_enabled":true,"jetpack_social_post_already_shared":false,"jetpack_social_options":{"image_generator_settings":{"template":"highway","default_image_id":0,"font":"","enabled":false},"version":2}},"categories":[],"tags":[10],"class_list":["post-90","post","type-post","status-publish","format-aside","hentry","tag-selbstmanagement","post_format-post-format-aside"],"wppr_data":[],"jetpack_publicize_connections":[],"jetpack_featured_media_url":"","jetpack_shortlink":"https:\/\/wp.me\/pOKED-1s","jetpack_sharing_enabled":true,"jetpack-related-posts":[{"id":1395,"url":"https:\/\/news.lamprecht.net\/index.php\/2009\/04\/28\/gantter-gut-gemachtes-projektwerkzeug\/","url_meta":{"origin":90,"position":0},"title":"Gantter &#8211; gut gemachtes Projektwerkzeug","author":"Stephan Lamprecht, Ahrensburg","date":"28\/4\/2009","format":"aside","excerpt":"Insbesondere in der englischsprachigen Blogosph\u00e4re wird derzeit sehr intensiv das Werkzeug Gantter diskutiert. Nat\u00fcrlich habe ich mir das Werkzeug gleich angesehen, das ja schlie\u00dflich verspricht, MS Project ins Web zu holen. Auf den ersten Blick stimmt das bereits optisch, denn die Oberfl\u00e4che ist dem Werkzeug aus dem Hause Redmond schon\u2026","rel":"","context":"In &quot;allgemein&quot;","block_context":{"text":"allgemein","link":"https:\/\/news.lamprecht.net\/index.php\/category\/stamm\/allgemein\/"},"img":{"alt_text":"","src":"https:\/\/i0.wp.com\/news.lamprecht.net\/wp-content\/uploads\/gantter-small.jpg?resize=350%2C200&ssl=1","width":350,"height":200},"classes":[]},{"id":1399,"url":"https:\/\/news.lamprecht.net\/index.php\/2009\/04\/29\/vue-ein-machtiges-tool-fur-geistesarbeiter\/","url_meta":{"origin":90,"position":1},"title":"VUE &#8211; ein m\u00e4chtiges Tool f\u00fcr Geistesarbeiter","author":"Stephan Lamprecht, Ahrensburg","date":"29\/4\/2009","format":"aside","excerpt":"Es gibt Programme, deren Nutzen und Bedienung sich auf den ersten Blick leider nicht erschlie\u00dfen. Dazu geh\u00f6rt auch das Visual Understanding Environment, das in Versionen f\u00fcr Windows und Linux verf\u00fcgbar ist. Auf den ersten Blick scheint es zun\u00e4chst nichts anderes als ein weiteres Programm zu sein, mit dem sich Mindmaps\u2026","rel":"","context":"In &quot;allgemein&quot;","block_context":{"text":"allgemein","link":"https:\/\/news.lamprecht.net\/index.php\/category\/stamm\/allgemein\/"},"img":{"alt_text":"","src":"https:\/\/i0.wp.com\/news.lamprecht.net\/wp-content\/uploads\/vue-small.jpg?resize=350%2C200&ssl=1","width":350,"height":200},"classes":[]},{"id":303,"url":"https:\/\/news.lamprecht.net\/index.php\/2005\/09\/08\/ein-taschenkalender-zum-selbermachen\/","url_meta":{"origin":90,"position":2},"title":"Ein Taschenkalender zum Selbermachen","author":"Stephan Lamprecht, Ahrensburg","date":"8\/9\/2005","format":"aside","excerpt":"Eine der f\u00fcr mich verbl\u00fcffendsten Ideen habe ich auf den Seiten von Pocketmod gefunden. Der Service bietet Ihnen an, sich einen kleinen pers\u00f6nlichen Kalender zusammenzustellen und auszudrucken. Entsprechend zusammengefaltet passt er dann locker in die Hosentasche. Die Entwickler haben an einige der zentralen Anwendungsm\u00f6glichkeiten eines solchen Kalenders gedacht. So werden\u2026","rel":"","context":"In \"Bookmarks\"","block_context":{"text":"Bookmarks","link":"https:\/\/news.lamprecht.net\/index.php\/tag\/bookmarks\/"},"img":{"alt_text":"Oberfl\u00e4che Pocketmod","src":"https:\/\/i0.wp.com\/news.lamprecht.net\/wp-content\/images\/thumb-pocketmod1.jpg?resize=350%2C200&ssl=1","width":350,"height":200},"classes":[]},{"id":1456,"url":"https:\/\/news.lamprecht.net\/index.php\/2009\/05\/27\/consideo-geniales-werkzeug-fur-entscheidungsfindung-und-simulation\/","url_meta":{"origin":90,"position":3},"title":"Consideo &#8211; geniales Werkzeug f\u00fcr Entscheidungsfindung und Simulation","author":"Stephan Lamprecht, Ahrensburg","date":"27\/5\/2009","format":"aside","excerpt":"Seit Monaten steht Consideo auf meiner Liste der Dinge, \u00fcber die ich schon immer mal bloggen wollte. Da dieses bemerkenswerte St\u00fcck Software aber durchaus eine l\u00e4ngere Rezension verdient, habe ich den Beitrag immer wieder aufgeschoben. Mit der in Java geschriebenen und damit plattform\u00fcbergreifend einsetzbaren Software, modellieren Sie Prozesse, simulieren Konstellation\u2026","rel":"","context":"In &quot;allgemein&quot;","block_context":{"text":"allgemein","link":"https:\/\/news.lamprecht.net\/index.php\/category\/stamm\/allgemein\/"},"img":{"alt_text":"","src":"https:\/\/i0.wp.com\/news.lamprecht.net\/wp-content\/uploads\/consideo-2-small.jpg?resize=350%2C200&ssl=1","width":350,"height":200},"classes":[]},{"id":1048,"url":"https:\/\/news.lamprecht.net\/index.php\/2008\/06\/14\/enterprise-20-meist-nur-ein-buzzword\/","url_meta":{"origin":90,"position":4},"title":"Enterprise 2.0 &#8211; Meist nur ein Buzzword","author":"Stephan Lamprecht, Ahrensburg","date":"14\/6\/2008","format":"aside","excerpt":"Neben Social Media Optimierung gibt es derzeit in vielen Unternehmen noch ein weiteres Schlagwort. Es gilt sich fit zu machen f\u00fcr das Zeitalter des Web 2.0 und damit den Weg zum Enterprise 2.0 einzuschlagen. Leider geht dies alles nicht so schnell als der eine oder andere unbedarfte Unternehmenslenker sich so\u2026","rel":"","context":"In \"Web 2.0\"","block_context":{"text":"Web 2.0","link":"https:\/\/news.lamprecht.net\/index.php\/tag\/web-20\/"},"img":{"alt_text":"","src":"","width":0,"height":0},"classes":[]},{"id":1449,"url":"https:\/\/news.lamprecht.net\/index.php\/2009\/05\/25\/teamdrive-mit-komfortablen-linux-client-daten-synchron-halten\/","url_meta":{"origin":90,"position":5},"title":"Teamdrive &#8211; mit komfortablen Linux-Client Daten synchron halten","author":"Stephan Lamprecht, Ahrensburg","date":"25\/5\/2009","format":"aside","excerpt":"Wie viele Anwender stehe ich vor der Herausforderung an verschiedenen Computersystemen meine Dokumente bearbeiten zu m\u00fcssen und dabei sicherzugehen, stets mit der aktuellen Version zu arbeiten. Wie das hier bereits vorgestellte Dropbox bietet auch Teamdrive genau diese M\u00f6glichkeit, hat sich aber inzwischen einen eigenen Linux-Client geg\u00f6nnt, den ich mir nat\u00fcrlich\u2026","rel":"","context":"In &quot;allgemein&quot;","block_context":{"text":"allgemein","link":"https:\/\/news.lamprecht.net\/index.php\/category\/stamm\/allgemein\/"},"img":{"alt_text":"","src":"https:\/\/i0.wp.com\/news.lamprecht.net\/wp-content\/uploads\/teamdrive-small.jpg?resize=350%2C200&ssl=1","width":350,"height":200},"classes":[]}],"_links":{"self":[{"href":"https:\/\/news.lamprecht.net\/index.php\/wp-json\/wp\/v2\/posts\/90","targetHints":{"allow":["GET"]}}],"collection":[{"href":"https:\/\/news.lamprecht.net\/index.php\/wp-json\/wp\/v2\/posts"}],"about":[{"href":"https:\/\/news.lamprecht.net\/index.php\/wp-json\/wp\/v2\/types\/post"}],"author":[{"embeddable":true,"href":"https:\/\/news.lamprecht.net\/index.php\/wp-json\/wp\/v2\/users\/2"}],"replies":[{"embeddable":true,"href":"https:\/\/news.lamprecht.net\/index.php\/wp-json\/wp\/v2\/comments?post=90"}],"version-history":[{"count":0,"href":"https:\/\/news.lamprecht.net\/index.php\/wp-json\/wp\/v2\/posts\/90\/revisions"}],"wp:attachment":[{"href":"https:\/\/news.lamprecht.net\/index.php\/wp-json\/wp\/v2\/media?parent=90"}],"wp:term":[{"taxonomy":"category","embeddable":true,"href":"https:\/\/news.lamprecht.net\/index.php\/wp-json\/wp\/v2\/categories?post=90"},{"taxonomy":"post_tag","embeddable":true,"href":"https:\/\/news.lamprecht.net\/index.php\/wp-json\/wp\/v2\/tags?post=90"}],"curies":[{"name":"wp","href":"https:\/\/api.w.org\/{rel}","templated":true}]}}