{"id":738,"date":"2007-04-30T06:00:04","date_gmt":"2007-04-30T05:00:04","guid":{"rendered":"https:\/\/news.lamprecht.net\/?p=738"},"modified":"2007-04-29T13:08:28","modified_gmt":"2007-04-29T12:08:28","slug":"genazino-mittelmasiges-heimweh","status":"publish","type":"post","link":"https:\/\/news.lamprecht.net\/index.php\/2007\/04\/30\/genazino-mittelmasiges-heimweh\/","title":{"rendered":"Genazino: Mittelm\u00e4\u00dfiges Heimweh"},"content":{"rendered":"<p>Ich habe an dieser Stelle bisher keinen Hehl daraus gemacht, ein Bewunderer des Werks von Wilhelm Genazino zu sein. Mittelm\u00e4\u00dfiges Heimweh, sein j\u00fcngstes Werk, erz\u00e4hlt einmal mehr aus der Perspektive eines Menschen, der sich als Au\u00dfenseiter f\u00fchlt. Wieder ist es die Welt eines mittleren Angestellten, in die uns Genazino f\u00fchrt. Dieter Rotmund zeichnet sich dadurch aus, dass er mit einem besonderem Verlust zurecht kommen muss. Denn beim Besuch in einer Kneipe f\u00e4llt ihm pl\u00f6tzlich eines seiner Ohren ab. Ohne Schmerzen l\u00f6st es sich einfach von seinem K\u00f6rper, wie kurze Zeit sp\u00e4ter auch noch ein Zeh. Dies ist aber nicht der einzige Verlust, den Rotmund erleben muss.<br \/>\nWie gewohnt erz\u00e4hlt Genazino detailreich in einer Prosa, die einen trunken machen kann. Verglichen mit \u00e2\u20ac\u017eLiebesbl\u00f6digkeit\u00e2\u20ac\u0153 habe ich den Titel aber deutlich schw\u00e4cher empfunden.<\/p>\n<p><iframe src=\"http:\/\/rcm-de.amazon.de\/e\/cm?t=redaktionsb0f-21&#038;o=3&#038;p=8&#038;l=as1&#038;asins=3446208186&#038;fc1=000000&#038;IS2=1&#038;lt1=_blank&#038;lc1=0000FF&#038;bc1=000000&#038;bg1=FFFFFF&#038;f=ifr&#038;nou=1\" style=\"width:120px;height:240px;\" scrolling=\"no\" marginwidth=\"0\" marginheight=\"0\" frameborder=\"0\"><\/iframe><\/p>\n","protected":false},"excerpt":{"rendered":"<p>Ich habe an dieser Stelle bisher keinen Hehl daraus gemacht, ein Bewunderer des Werks von Wilhelm Genazino zu sein. Mittelm\u00e4\u00dfiges Heimweh, sein j\u00fcngstes Werk, erz\u00e4hlt einmal mehr aus der Perspektive eines Menschen, der sich als Au\u00dfenseiter f\u00fchlt. Wieder ist es die Welt eines mittleren Angestellten, in die uns Genazino f\u00fchrt. Dieter Rotmund zeichnet sich dadurch &hellip; <\/p>\n<p class=\"link-more\"><a href=\"https:\/\/news.lamprecht.net\/index.php\/2007\/04\/30\/genazino-mittelmasiges-heimweh\/\" class=\"more-link\"><span class=\"screen-reader-text\">\u201eGenazino: Mittelm\u00e4\u00dfiges Heimweh\u201c <\/span>weiterlesen<\/a><\/p>\n","protected":false},"author":2,"featured_media":0,"comment_status":"open","ping_status":"open","sticky":false,"template":"","format":"aside","meta":{"advanced_seo_description":"","jetpack_seo_html_title":"","jetpack_seo_noindex":false,"_jetpack_memberships_contains_paid_content":false,"footnotes":"","jetpack_publicize_message":"","jetpack_publicize_feature_enabled":true,"jetpack_social_post_already_shared":false,"jetpack_social_options":{"image_generator_settings":{"template":"highway","default_image_id":0,"font":"","enabled":false},"version":2}},"categories":[],"tags":[3],"class_list":["post-738","post","type-post","status-publish","format-aside","hentry","tag-lektuere","post_format-post-format-aside"],"wppr_data":[],"jetpack_publicize_connections":[],"jetpack_featured_media_url":"","jetpack_shortlink":"https:\/\/wp.me\/pOKED-bU","jetpack_sharing_enabled":true,"jetpack-related-posts":[{"id":1838,"url":"https:\/\/news.lamprecht.net\/index.php\/2010\/04\/06\/ralf-rothmann-feuer-brennt-nicht\/","url_meta":{"origin":738,"position":0},"title":"Ralf Rothmann: Feuer brennt nicht","author":"Stephan Lamprecht, Ahrensburg","date":"6\/4\/2010","format":"aside","excerpt":"Ich muss zugeben, ich habe von Ralf Rothmann bisher nicht viel gelesen. Dass der Rolling Stone ihn f\u00fcr den besten deutschsprachigen Erz\u00e4hler h\u00e4lt, finde ich denn auch deutlich \u00fcbertrieben, denn sprachlich klaffen zwischen seiner Prosa und dem meisterhaften Genazino doch Welten. Aber die Lekt\u00fcre von \u00e2\u20ac\u017eFeuer brennt nicht\u00e2\u20ac\u0153 hat mich\u2026","rel":"","context":"In &quot;allgemein&quot;","block_context":{"text":"allgemein","link":"https:\/\/news.lamprecht.net\/index.php\/category\/stamm\/allgemein\/"},"img":{"alt_text":"","src":"","width":0,"height":0},"classes":[]},{"id":38,"url":"https:\/\/news.lamprecht.net\/index.php\/2005\/02\/17\/warum-ich-genazino-mag\/","url_meta":{"origin":738,"position":1},"title":"Warum ich Genazino mag","author":"Stephan Lamprecht, Ahrensburg","date":"17\/2\/2005","format":"aside","excerpt":"Ich mag Wilhelm Genazino, nicht erst seit er von der breiten \u00d6ffentlichkeit ent- und mit dem B\u00fcchner-Preis 2004 eingedeckt wurde. In seinen Werken finden sich wunderbare, sprichw\u00f6rtlich \"nach\"-denkenswerte Ausspr\u00fcche. Zuletzt habe ich von ihm \"Ein Regenschirm f\u00fcr diesen Tag\" gelesen. Sprachlich wundersch\u00f6n und witzig schildert Genazino hier die Merkw\u00fcrdigkeiten unseres\u2026","rel":"","context":"In \"Lekt\u00fcre\"","block_context":{"text":"Lekt\u00fcre","link":"https:\/\/news.lamprecht.net\/index.php\/tag\/lektuere\/"},"img":{"alt_text":"","src":"","width":0,"height":0},"classes":[]},{"id":167,"url":"https:\/\/news.lamprecht.net\/index.php\/2005\/05\/08\/ein-blog-ist-ein-blog-ist-ein-blog\/","url_meta":{"origin":738,"position":2},"title":"Ein Blog ist ein Blog ist ein Blog (Update)","author":"Stephan Lamprecht, Ahrensburg","date":"8\/5\/2005","format":"aside","excerpt":"Keine Frage: ich freue mich auch \u00fcber kontroverse Kommentare zu meinen Beitr\u00e4gen. So habe ich mir mit meinem \"Beitrag zu AVDC\":https:\/\/news.lamprecht.net\/index.php\/05\/03\/avdc-ein-neues-heft-von-vnu\/ aus dem Hause VNU offensichtlich nicht nur Freunde gemacht. Es ist eine Binse, aber nur wer eine Position bezieht, exponiert sich und macht sich angreifbar. \u00dcberraschend an den beiden\u2026","rel":"","context":"In \"Blogging\"","block_context":{"text":"Blogging","link":"https:\/\/news.lamprecht.net\/index.php\/tag\/blogging\/"},"img":{"alt_text":"","src":"","width":0,"height":0},"classes":[]},{"id":232,"url":"https:\/\/news.lamprecht.net\/index.php\/2005\/06\/27\/schwere-zeiten-fur-grunder\/","url_meta":{"origin":738,"position":3},"title":"Schwere Zeiten f\u00fcr Gr\u00fcnder","author":"Stephan Lamprecht, Ahrensburg","date":"27\/6\/2005","format":"aside","excerpt":"Ein neues Blog plaudert aus dem Alltag eines Gr\u00fcnders.","rel":"","context":"In \"Bookmarks\"","block_context":{"text":"Bookmarks","link":"https:\/\/news.lamprecht.net\/index.php\/tag\/bookmarks\/"},"img":{"alt_text":"","src":"","width":0,"height":0},"classes":[]},{"id":27,"url":"https:\/\/news.lamprecht.net\/index.php\/2005\/02\/12\/wie-beschrankt-muss-man-denn-sein\/","url_meta":{"origin":738,"position":4},"title":"Wie beschr\u00e4nkt muss man denn sein?","author":"Stephan Lamprecht, Ahrensburg","date":"12\/2\/2005","format":"aside","excerpt":"Dieser Tage macht der Fall eines Google-Mitarbeiters Schlagzeilen, der (ausschlie\u00dflich?) wegen der \u00c4usserungen \u00fcber seinen Arbeitgeber in seinem Blog gek\u00fcndigt worden ist. In einer geradezu bemerkenswerten Naivit\u00e4t erz\u00e4hlt der dort von den Vorteilen, die Google-Angestelle geniessen (kostenloses Mittag- und Abendessen, W\u00e4scheservice etc.), entlarvte aber auch zugleich das Motiv seines Arbeitgebers\u2026","rel":"","context":"In \"Marginalia\"","block_context":{"text":"Marginalia","link":"https:\/\/news.lamprecht.net\/index.php\/tag\/marginalia\/"},"img":{"alt_text":"","src":"","width":0,"height":0},"classes":[]},{"id":253,"url":"https:\/\/news.lamprecht.net\/index.php\/2005\/07\/26\/ihr-werkzeug-muss-zu-ihnen-passen-nicht-umgekehrt\/","url_meta":{"origin":738,"position":5},"title":"Ihr Werkzeug muss zu Ihnen passen &#8211; nicht umgekehrt","author":"Stephan Lamprecht, Ahrensburg","date":"26\/7\/2005","format":"aside","excerpt":"Meine Tipps zur Einrichtung eines Zeitplanbuchs..","rel":"","context":"In \"Selbstmanagement\"","block_context":{"text":"Selbstmanagement","link":"https:\/\/news.lamprecht.net\/index.php\/tag\/selbstmanagement\/"},"img":{"alt_text":"","src":"","width":0,"height":0},"classes":[]}],"_links":{"self":[{"href":"https:\/\/news.lamprecht.net\/index.php\/wp-json\/wp\/v2\/posts\/738","targetHints":{"allow":["GET"]}}],"collection":[{"href":"https:\/\/news.lamprecht.net\/index.php\/wp-json\/wp\/v2\/posts"}],"about":[{"href":"https:\/\/news.lamprecht.net\/index.php\/wp-json\/wp\/v2\/types\/post"}],"author":[{"embeddable":true,"href":"https:\/\/news.lamprecht.net\/index.php\/wp-json\/wp\/v2\/users\/2"}],"replies":[{"embeddable":true,"href":"https:\/\/news.lamprecht.net\/index.php\/wp-json\/wp\/v2\/comments?post=738"}],"version-history":[{"count":0,"href":"https:\/\/news.lamprecht.net\/index.php\/wp-json\/wp\/v2\/posts\/738\/revisions"}],"wp:attachment":[{"href":"https:\/\/news.lamprecht.net\/index.php\/wp-json\/wp\/v2\/media?parent=738"}],"wp:term":[{"taxonomy":"category","embeddable":true,"href":"https:\/\/news.lamprecht.net\/index.php\/wp-json\/wp\/v2\/categories?post=738"},{"taxonomy":"post_tag","embeddable":true,"href":"https:\/\/news.lamprecht.net\/index.php\/wp-json\/wp\/v2\/tags?post=738"}],"curies":[{"name":"wp","href":"https:\/\/api.w.org\/{rel}","templated":true}]}}