{"id":73,"date":"2005-03-16T06:32:30","date_gmt":"2005-03-16T05:32:30","guid":{"rendered":"https:\/\/news.lamprecht.net\/?p=73"},"modified":"2005-03-16T11:03:49","modified_gmt":"2005-03-16T10:03:49","slug":"cebit-impressionen-schluss","status":"publish","type":"post","link":"https:\/\/news.lamprecht.net\/index.php\/2005\/03\/16\/cebit-impressionen-schluss\/","title":{"rendered":"CeBIT Impressionen &#8211; Schluss"},"content":{"rendered":"<p>Dsa Gejammer der Branche ist leiser geworden. Zwar antwortet noch immer niemand mit einem &#8220;gut&#8221; auf die Frage, wie denn die Gesch\u00e4fte gehen, im Vergleich zur Untergangsstimmung noch vor zwei Jahren ging es auf der CeBIT 2005 fast fr\u00f6hlich zu. Was nat\u00fcrlich auch damit zu tun haben k\u00f6nnte, dass sich alle an die schlechte Lage bereits gew\u00f6hnt haben. Halten wir es hier also lieber mit BITKOM und gehen einfach davon aus, dass die Gesch\u00e4fte anziehen.<\/p>\n<p>VoiceOverIP und eine Menge super cooler Ger\u00e4te. Der Schwerpunkt wechselt j\u00e4hrlich, die super coolen Ger\u00e4te gibt es immer wieder neu. In diesem Jahr schien es mir, als bemerkte ich zumindest hin und wieder ein &#8220;Wer braucht das schon wieder&#8221;. Handys, die gestochen scharfe Fotos machen k\u00f6nnen und \u00e4hnliche &#8220;eierlegende Wollmilchs\u00e4ue&#8221; gab es wie immer zu bestaunen. Anh\u00e4nger der Konvergenz finden so etwas wunderbar, gew\u00f6hnlich Nutzer sch\u00fctteln eher den Kopf. <\/p>\n<p>Auf die offiziellen Besucherzahlen bin ich schon gespannt: Mit Ausnahme des Montags, der etwas belebter war, herrschte an keinem meiner Besuchstage exorbitantes Gedr\u00e4nge. &#8220;Voll&#8221; war es nicht wirklich, nicht mal an den St\u00e4nden, die auch von Heimanwendern gern besucht werden (Microsoft, Mobilfunkprovider usw).<\/p>\n<p>Same procedure as (nearly) every year &#8211; halt.<\/p>\n","protected":false},"excerpt":{"rendered":"<p>Dsa Gejammer der Branche ist leiser geworden. Zwar antwortet noch immer niemand mit einem &#8220;gut&#8221; auf die Frage, wie denn die Gesch\u00e4fte gehen, im Vergleich zur Untergangsstimmung noch vor zwei Jahren ging es auf der CeBIT 2005 fast fr\u00f6hlich zu. Was nat\u00fcrlich auch damit zu tun haben k\u00f6nnte, dass sich alle an die schlechte Lage &hellip; <\/p>\n<p class=\"link-more\"><a href=\"https:\/\/news.lamprecht.net\/index.php\/2005\/03\/16\/cebit-impressionen-schluss\/\" class=\"more-link\"><span class=\"screen-reader-text\">\u201eCeBIT Impressionen &#8211; Schluss\u201c <\/span>weiterlesen<\/a><\/p>\n","protected":false},"author":2,"featured_media":0,"comment_status":"open","ping_status":"open","sticky":false,"template":"","format":"aside","meta":{"advanced_seo_description":"","jetpack_seo_html_title":"","jetpack_seo_noindex":false,"_jetpack_memberships_contains_paid_content":false,"footnotes":"","jetpack_publicize_message":"","jetpack_publicize_feature_enabled":true,"jetpack_social_post_already_shared":false,"jetpack_social_options":{"image_generator_settings":{"template":"highway","default_image_id":0,"font":"","enabled":false},"version":2}},"categories":[],"tags":[4],"class_list":["post-73","post","type-post","status-publish","format-aside","hentry","tag-marginalia","post_format-post-format-aside"],"wppr_data":[],"jetpack_publicize_connections":[],"jetpack_featured_media_url":"","jetpack_shortlink":"https:\/\/wp.me\/pOKED-1b","jetpack_sharing_enabled":true,"jetpack-related-posts":[{"id":64,"url":"https:\/\/news.lamprecht.net\/index.php\/2005\/03\/11\/cebit-impressionen-2\/","url_meta":{"origin":73,"position":0},"title":"CeBIT Impressionen 2","author":"Stephan Lamprecht, Ahrensburg","date":"11\/3\/2005","format":"aside","excerpt":"Hannover zeigt sich heute von seiner besten Seite. Es regnet, ist kalt und st\u00fcrmisch. Die Chancen standen gut, dass dieser Tag der traditionelle \"Es schneit\"-Tag der CeBIT wird. Blieb aber offensichtlich denn doch aus. Eigentlich sind die Presse- und Ausstellerbusse eine tolle Sache, nur wenn dieses Wetter herrscht, sind auch\u2026","rel":"","context":"In \"Marginalia\"","block_context":{"text":"Marginalia","link":"https:\/\/news.lamprecht.net\/index.php\/tag\/marginalia\/"},"img":{"alt_text":"","src":"","width":0,"height":0},"classes":[]},{"id":949,"url":"https:\/\/news.lamprecht.net\/index.php\/2008\/02\/24\/blogger-sind-per-se-nun-einmal-keine-journalisten\/","url_meta":{"origin":73,"position":1},"title":"Blogger sind per se nun einmal keine Journalisten","author":"Stephan Lamprecht, Ahrensburg","date":"24\/2\/2008","format":"aside","excerpt":"Wenn ich mir die Postings mal so ansehe, die innerhalb der deutschen Blogosph\u00e4re mal wieder derzeit f\u00fcr Aufregung sorgen, bleibt mir nur ein Kopfsch\u00fctteln. Da wird dar\u00fcber debattiert, dass nun dem einen oder anderen offensichtlich kein CeBIT-Presseausweis ausgestellt wird. Wahrscheinlich war die Messegesellschaft nicht pr\u00e4zise genug, um klar zustellen, dass\u2026","rel":"","context":"In \"Marginalia\"","block_context":{"text":"Marginalia","link":"https:\/\/news.lamprecht.net\/index.php\/tag\/marginalia\/"},"img":{"alt_text":"","src":"","width":0,"height":0},"classes":[]},{"id":153,"url":"https:\/\/news.lamprecht.net\/index.php\/2005\/05\/02\/linux-patenschaften-an-und-fur-sich\/","url_meta":{"origin":73,"position":2},"title":"Linux Patenschaften an und f\u00fcr sich","author":"Stephan Lamprecht, Ahrensburg","date":"2\/5\/2005","format":"aside","excerpt":"Kennen Sie schon die \"Linuxpaten\":http:\/\/www.linuxpaten.org ? An und f\u00fcr sich eine gute Idee. Erfahrene Linuxanwender helfen Einsteigern, sich in der Welt des freien Betriebssystems besser zurecht zu finden. Auch ich habe mich nach den einladenden Worten auf der Homepage des Projekts als Pate eingetragen. Es dauert auch nicht lange, und\u2026","rel":"","context":"In \"Linux\"","block_context":{"text":"Linux","link":"https:\/\/news.lamprecht.net\/index.php\/tag\/linux\/"},"img":{"alt_text":"","src":"","width":0,"height":0},"classes":[]},{"id":3585,"url":"https:\/\/news.lamprecht.net\/index.php\/2018\/07\/06\/das-front-in-hamburg-fuer-immer-ein-magischer-ort\/","url_meta":{"origin":73,"position":3},"title":"Das Front in Hamburg \u2014 f\u00fcr immer ein magischer Ort","author":"Stephan Lamprecht, Ahrensburg","date":"6\/7\/2018","format":false,"excerpt":"Hamburg, 1985: Mit dem Jahr verbinde ich eine Menge. Musikalisch aber indes erst mal nichts. Im Jahr zuvor hatte meine Lieblingsband (immer noch) Depeche Mode k\u00fcnstlerisch einen gro\u00dfen Schritt nach vorn gemacht. \u201eSome Great Reward\u201c hie\u00df das Album, das mich mit seiner d\u00fcsteren Art faszinierte. Und nur noch vom Nachfolger\u2026","rel":"","context":"In &quot;allgemein&quot;","block_context":{"text":"allgemein","link":"https:\/\/news.lamprecht.net\/index.php\/category\/stamm\/allgemein\/"},"img":{"alt_text":"","src":"","width":0,"height":0},"classes":[]},{"id":1704,"url":"https:\/\/news.lamprecht.net\/index.php\/2009\/11\/26\/ekmz-hat-getagt-und-gestreamt-lummaland\/","url_meta":{"origin":73,"position":4},"title":"#ekmz hat getagt und gestreamt | Lummaland","author":"Stephan Lamprecht, Ahrensburg","date":"26\/11\/2009","format":"aside","excerpt":"Hier mein Statement, ausnahmsweise habe ich sogar richtig Text formuliert und bin sogar \u00fcber 5 Minuten Redebeitrag gekommen: Das Internet und wir \u00e2\u20ac\u201c eine langsame Ann\u00e4herung Sehr geehrte Frau Kohnle-Gross, liebe Renate Pepper, sehr geehrte Damen und Herren, liebe Internetnutzer an den Bildschirmen daheim oder am Arbeitsplatz, mein erster Computer\u2026","rel":"","context":"In &quot;allgemein&quot;","block_context":{"text":"allgemein","link":"https:\/\/news.lamprecht.net\/index.php\/category\/stamm\/allgemein\/"},"img":{"alt_text":"","src":"","width":0,"height":0},"classes":[]},{"id":2554,"url":"https:\/\/news.lamprecht.net\/index.php\/2014\/04\/17\/hamburg-freezers-das-saisonfazit-201314-aus-meiner-sicht\/","url_meta":{"origin":73,"position":5},"title":"Hamburg Freezers &#8211; das Saisonfazit 2013\/14 aus meiner Sicht","author":"Stephan Lamprecht, Ahrensburg","date":"17\/4\/2014","format":false,"excerpt":"Die Hamburg Freezers haben die erfolgreichste Spielzeit ihrer Geschichte hinter sich. Und wer die Spiele zu Beginn der Saison gesehen hat (oder die Beitr\u00e4ge in diesem Blog gelesen), w\u00e4re wohl kaum auf die Idee gekommen, dass dies am Ende der Spielzeit 2013\/2014 das Fazit ist. Die Freezers k\u00f6nnen sich zwar\u2026","rel":"","context":"In &quot;allgemein&quot;","block_context":{"text":"allgemein","link":"https:\/\/news.lamprecht.net\/index.php\/category\/stamm\/allgemein\/"},"img":{"alt_text":"","src":"","width":0,"height":0},"classes":[]}],"_links":{"self":[{"href":"https:\/\/news.lamprecht.net\/index.php\/wp-json\/wp\/v2\/posts\/73","targetHints":{"allow":["GET"]}}],"collection":[{"href":"https:\/\/news.lamprecht.net\/index.php\/wp-json\/wp\/v2\/posts"}],"about":[{"href":"https:\/\/news.lamprecht.net\/index.php\/wp-json\/wp\/v2\/types\/post"}],"author":[{"embeddable":true,"href":"https:\/\/news.lamprecht.net\/index.php\/wp-json\/wp\/v2\/users\/2"}],"replies":[{"embeddable":true,"href":"https:\/\/news.lamprecht.net\/index.php\/wp-json\/wp\/v2\/comments?post=73"}],"version-history":[{"count":0,"href":"https:\/\/news.lamprecht.net\/index.php\/wp-json\/wp\/v2\/posts\/73\/revisions"}],"wp:attachment":[{"href":"https:\/\/news.lamprecht.net\/index.php\/wp-json\/wp\/v2\/media?parent=73"}],"wp:term":[{"taxonomy":"category","embeddable":true,"href":"https:\/\/news.lamprecht.net\/index.php\/wp-json\/wp\/v2\/categories?post=73"},{"taxonomy":"post_tag","embeddable":true,"href":"https:\/\/news.lamprecht.net\/index.php\/wp-json\/wp\/v2\/tags?post=73"}],"curies":[{"name":"wp","href":"https:\/\/api.w.org\/{rel}","templated":true}]}}