{"id":723,"date":"2007-03-30T06:22:53","date_gmt":"2007-03-30T05:22:53","guid":{"rendered":"https:\/\/news.lamprecht.net\/?p=723"},"modified":"2007-03-25T12:23:39","modified_gmt":"2007-03-25T11:23:39","slug":"veronika-peters-was-in-zwei-koffer-past","status":"publish","type":"post","link":"https:\/\/news.lamprecht.net\/index.php\/2007\/03\/30\/veronika-peters-was-in-zwei-koffer-past\/","title":{"rendered":"Veronika Peters: Was in zwei Koffer pa\u00dft"},"content":{"rendered":"<p>Es ist eine fremde und erstaunliche Welt, in die Veronika Peters Ihre Leser entf\u00fchrt. Mit einem ganz bemerkenswerten Talent f\u00fcr das Erz\u00e4hlen gesegnet, schildert sie in ihrem Buch 12 wichtige Jahre Ihres Lebens. Den Eintritt als 21j\u00e4hrige in ein Kloster der Benediktiner, den Alltag des Suchens, Fragens und Arbeitens w\u00e4hrend der folgenden 12 Jahre und schlie\u00dflich das Verlassen des Klosters wegen einer gro\u00dfen Liebe.\n<\/p>\n<p>Dieses Buch hat mich einfach tief in seinen Bann gezogen und eine gro\u00dfe Wissensl\u00fccke zumindest ansatzweise geschlossen, n\u00e4mlich die Frage, wie es sich in einem Kloster lebt? Und damit meine ich nicht die kontemplativen Seminare der Stille f\u00fcr gestresste Manager, sondern den Alltag eine Novizin auf dem Weg zur Schwester. Schon allein deshalb hat sich die Lekt\u00fcre gelohnt. Aber eben nicht nur deshalb: Es ist unterhaltsam, bisweilen komisch mit viel Sym- und Empathie f\u00fcr seine Protagonisten geschrieben. Empfehlenswert!<\/p>\n<p><iframe src=\"http:\/\/rcm-de.amazon.de\/e\/cm?t=redaktionsb0f-21&#038;o=3&#038;p=8&#038;l=as1&#038;asins=3442311160&#038;fc1=000000&#038;IS2=1&#038;lt1=_blank&#038;lc1=0000FF&#038;bc1=000000&#038;bg1=FFFFFF&#038;f=ifr&#038;nou=1\" style=\"width:120px;height:240px;\" scrolling=\"no\" marginwidth=\"0\" marginheight=\"0\" frameborder=\"0\"><\/iframe><\/p>\n","protected":false},"excerpt":{"rendered":"<p>Es ist eine fremde und erstaunliche Welt, in die Veronika Peters Ihre Leser entf\u00fchrt. Mit einem ganz bemerkenswerten Talent f\u00fcr das Erz\u00e4hlen gesegnet, schildert sie in ihrem Buch 12 wichtige Jahre Ihres Lebens. Den Eintritt als 21j\u00e4hrige in ein Kloster der Benediktiner, den Alltag des Suchens, Fragens und Arbeitens w\u00e4hrend der folgenden 12 Jahre und &hellip; <\/p>\n<p class=\"link-more\"><a href=\"https:\/\/news.lamprecht.net\/index.php\/2007\/03\/30\/veronika-peters-was-in-zwei-koffer-past\/\" class=\"more-link\"><span class=\"screen-reader-text\">\u201eVeronika Peters: Was in zwei Koffer pa\u00dft\u201c <\/span>weiterlesen<\/a><\/p>\n","protected":false},"author":2,"featured_media":0,"comment_status":"open","ping_status":"open","sticky":false,"template":"","format":"aside","meta":{"advanced_seo_description":"","jetpack_seo_html_title":"","jetpack_seo_noindex":false,"_jetpack_memberships_contains_paid_content":false,"footnotes":"","jetpack_publicize_message":"","jetpack_publicize_feature_enabled":true,"jetpack_social_post_already_shared":false,"jetpack_social_options":{"image_generator_settings":{"template":"highway","default_image_id":0,"font":"","enabled":false},"version":2}},"categories":[],"tags":[3],"class_list":["post-723","post","type-post","status-publish","format-aside","hentry","tag-lektuere","post_format-post-format-aside"],"wppr_data":[],"jetpack_publicize_connections":[],"jetpack_featured_media_url":"","jetpack_shortlink":"https:\/\/wp.me\/pOKED-bF","jetpack_sharing_enabled":true,"jetpack-related-posts":[{"id":3514,"url":"https:\/\/news.lamprecht.net\/index.php\/2017\/04\/08\/schnell-mal-mit-der-raf-kasse-machen\/","url_meta":{"origin":723,"position":0},"title":"Schnell mal mit der RAF Kasse machen","author":"Stephan Lamprecht, Ahrensburg","date":"8\/4\/2017","format":false,"excerpt":"Butz Peters arbeitet sich bereits seit einigen Jahren am sogenannten Deutschen Herbst, also der Geschichte der RAF ab. Ich m\u00f6chte ihn mal als \"RAF-Experten der zweiten Generation\" bezeichnen. W\u00e4hrend ein Stefan Aust noch eine Reihe der Mitglieder der ersten RAF-Generation pers\u00f6nlich kannte und in seinem Buch \"Baader-Meinhof-Komplex\" gerade den Beginn\u2026","rel":"","context":"In &quot;allgemein&quot;","block_context":{"text":"allgemein","link":"https:\/\/news.lamprecht.net\/index.php\/category\/stamm\/allgemein\/"},"img":{"alt_text":"","src":"","width":0,"height":0},"classes":[]},{"id":1841,"url":"https:\/\/news.lamprecht.net\/index.php\/2010\/04\/06\/diagnose-burnout-zwei-buchtipps\/","url_meta":{"origin":723,"position":1},"title":"Diagnose Burnout: Zwei Buchtipps","author":"Stephan Lamprecht, Ahrensburg","date":"6\/4\/2010","format":"aside","excerpt":"Man f\u00fchlt sich schlapp und ausgelaugt. Ist h\u00e4ufiger als sonst krank und dann kommt der Zusammenbruch. So das g\u00e4ngige Klischee und die allgemeine Beschreibung eines Burnouts in den einschl\u00e4gigen Medien. Und tats\u00e4chlich: So ist es auch, wenn auch das unmittelbare Erleben ganz anders, viel st\u00e4rker und bedrohlicher ist, als sich\u2026","rel":"","context":"In &quot;allgemein&quot;","block_context":{"text":"allgemein","link":"https:\/\/news.lamprecht.net\/index.php\/category\/stamm\/allgemein\/"},"img":{"alt_text":"","src":"","width":0,"height":0},"classes":[]},{"id":1838,"url":"https:\/\/news.lamprecht.net\/index.php\/2010\/04\/06\/ralf-rothmann-feuer-brennt-nicht\/","url_meta":{"origin":723,"position":2},"title":"Ralf Rothmann: Feuer brennt nicht","author":"Stephan Lamprecht, Ahrensburg","date":"6\/4\/2010","format":"aside","excerpt":"Ich muss zugeben, ich habe von Ralf Rothmann bisher nicht viel gelesen. Dass der Rolling Stone ihn f\u00fcr den besten deutschsprachigen Erz\u00e4hler h\u00e4lt, finde ich denn auch deutlich \u00fcbertrieben, denn sprachlich klaffen zwischen seiner Prosa und dem meisterhaften Genazino doch Welten. Aber die Lekt\u00fcre von \u00e2\u20ac\u017eFeuer brennt nicht\u00e2\u20ac\u0153 hat mich\u2026","rel":"","context":"In &quot;allgemein&quot;","block_context":{"text":"allgemein","link":"https:\/\/news.lamprecht.net\/index.php\/category\/stamm\/allgemein\/"},"img":{"alt_text":"","src":"","width":0,"height":0},"classes":[]},{"id":793,"url":"https:\/\/news.lamprecht.net\/index.php\/2007\/08\/08\/charles-lewinsky-melnitz\/","url_meta":{"origin":723,"position":3},"title":"Charles Lewinsky: Melnitz","author":"Stephan Lamprecht, Ahrensburg","date":"8\/8\/2007","format":"aside","excerpt":"Schon lange wollte ich den Roman von Charles Lewinsky lesen, aber die \u00fcber 700 Seiten lie\u00dfen es angeraten, mit der Lekt\u00fcre auf den Sommerurlaub zu warten. Die Entscheidung war richtig, denn andernfalls h\u00e4tte ich mit tiefen Ringen unter den Augen am Arbeitsplatz gesessen, denn das Buch hat mich nicht losgelassen.\u2026","rel":"","context":"In \"Lekt\u00fcre\"","block_context":{"text":"Lekt\u00fcre","link":"https:\/\/news.lamprecht.net\/index.php\/tag\/lektuere\/"},"img":{"alt_text":"","src":"","width":0,"height":0},"classes":[]},{"id":687,"url":"https:\/\/news.lamprecht.net\/index.php\/2007\/02\/05\/menschen-im-hotel\/","url_meta":{"origin":723,"position":4},"title":"Menschen im Hotel","author":"Stephan Lamprecht, Ahrensburg","date":"5\/2\/2007","format":"aside","excerpt":"Vicki Baum? War das nicht die Rosemunde Pilcher Ihrer Zeit? Als ich das Buch in H\u00e4nden hielt, wollte ich es eigentlich schon fast wieder zur\u00fccklegen, aber dann gab ich \u00e2\u20ac\u017eMenschen im Hotel\u00e2\u20ac\u0153 doch eine Chance. Der Roman ist trivial, keine Frage. Er ist aber trivial, ohne kitschig zu sein. Unterhaltungsliteratur\u2026","rel":"","context":"In \"Lekt\u00fcre\"","block_context":{"text":"Lekt\u00fcre","link":"https:\/\/news.lamprecht.net\/index.php\/tag\/lektuere\/"},"img":{"alt_text":"","src":"","width":0,"height":0},"classes":[]},{"id":3831,"url":"https:\/\/news.lamprecht.net\/index.php\/2026\/01\/10\/dieser-ddr-roman-hat-mich-bis-in-die-morgenstunden-wachgehalten\/","url_meta":{"origin":723,"position":5},"title":"Dieser DDR-Roman hat mich bis in die Morgenstunden wachgehalten","author":"Stephan Lamprecht, Ahrensburg","date":"10\/1\/2026","format":false,"excerpt":"Es ist schon verdammt lange her, dass mich ein Buch derart in seinen Bann gezogen hat. \u00abZwei, drei blaue Augen\u00bb von Victor Schef\u00e9 ist einer dieser seltenen Pageturner, bei denen man das Licht erst in den fr\u00fchen Morgenstunden ausknipst \u2013 nicht, weil man es sollte, sondern weil man einfach nicht\u2026","rel":"","context":"In &quot;allgemein&quot;","block_context":{"text":"allgemein","link":"https:\/\/news.lamprecht.net\/index.php\/category\/stamm\/allgemein\/"},"img":{"alt_text":"","src":"https:\/\/i0.wp.com\/news.lamprecht.net\/wp-content\/uploads\/zwei-drei-blaue-augen-1.jpg?fit=514%2C749&ssl=1&resize=350%2C200","width":350,"height":200},"classes":[]}],"_links":{"self":[{"href":"https:\/\/news.lamprecht.net\/index.php\/wp-json\/wp\/v2\/posts\/723","targetHints":{"allow":["GET"]}}],"collection":[{"href":"https:\/\/news.lamprecht.net\/index.php\/wp-json\/wp\/v2\/posts"}],"about":[{"href":"https:\/\/news.lamprecht.net\/index.php\/wp-json\/wp\/v2\/types\/post"}],"author":[{"embeddable":true,"href":"https:\/\/news.lamprecht.net\/index.php\/wp-json\/wp\/v2\/users\/2"}],"replies":[{"embeddable":true,"href":"https:\/\/news.lamprecht.net\/index.php\/wp-json\/wp\/v2\/comments?post=723"}],"version-history":[{"count":0,"href":"https:\/\/news.lamprecht.net\/index.php\/wp-json\/wp\/v2\/posts\/723\/revisions"}],"wp:attachment":[{"href":"https:\/\/news.lamprecht.net\/index.php\/wp-json\/wp\/v2\/media?parent=723"}],"wp:term":[{"taxonomy":"category","embeddable":true,"href":"https:\/\/news.lamprecht.net\/index.php\/wp-json\/wp\/v2\/categories?post=723"},{"taxonomy":"post_tag","embeddable":true,"href":"https:\/\/news.lamprecht.net\/index.php\/wp-json\/wp\/v2\/tags?post=723"}],"curies":[{"name":"wp","href":"https:\/\/api.w.org\/{rel}","templated":true}]}}