{"id":722,"date":"2007-03-25T11:28:19","date_gmt":"2007-03-25T10:28:19","guid":{"rendered":"https:\/\/news.lamprecht.net\/index.php\/2007\/03\/25\/\/"},"modified":"2007-03-25T11:28:54","modified_gmt":"2007-03-25T10:28:54","slug":"bloggen-ist-mainstraim-oder","status":"publish","type":"post","link":"https:\/\/news.lamprecht.net\/index.php\/2007\/03\/25\/bloggen-ist-mainstraim-oder\/","title":{"rendered":"Bloggen ist Mainstraim, oder?"},"content":{"rendered":"<p>Wie w\u00fcrden Sie sich erkl\u00e4ren, dass es inzwischen sogar eine Blog-Funktion in Word 2007 gibt? Mit dieser entsteht auch gerade dieser Beitrag und derzeit denke ich mit Grauen daran, wie das Posting wohl final im Blog aussieht.\n<\/p>\n<p>Apropos Office 2007: F\u00fcr einen Artikel habe ich von Microsoft das Office Paket als Teststellung erhalten (btw: Danke f\u00fcr die schnelle und unkomplizierte Beantwortung meiner Anfrage!). So richtig intensiv habe ich derzeit lediglich mit Word gearbeitet, bin aber von der neuen Oberfl\u00e4che insgesamt ganz angetan. Die &#8220;Ribbon-Leiste&#8221;, die die klassische Aufteilung in Men\u00fcs und Untermen\u00fcs weitestgehend ersetzt, ist \u00fcbersichtlich und erlaubt einen schnelleren Zugriff auf eine Reihe von Funktionen. Allerdings d\u00fcrfte das neue Design auch eine Herausforderung an Autoren und Hotliner stellen. Das klassische &#8220;Und nun \u00f6ffnen Sie das Men\u00fc Datei und klicken auf\u00e2\u20ac\u00a6&#8221; entf\u00e4llt damit weitestgehen.<\/p>\n","protected":false},"excerpt":{"rendered":"<p>Wie w\u00fcrden Sie sich erkl\u00e4ren, dass es inzwischen sogar eine Blog-Funktion in Word 2007 gibt? Mit dieser entsteht auch gerade dieser Beitrag und derzeit denke ich mit Grauen daran, wie das Posting wohl final im Blog aussieht. Apropos Office 2007: F\u00fcr einen Artikel habe ich von Microsoft das Office Paket als Teststellung erhalten (btw: Danke &hellip; <\/p>\n<p class=\"link-more\"><a href=\"https:\/\/news.lamprecht.net\/index.php\/2007\/03\/25\/bloggen-ist-mainstraim-oder\/\" class=\"more-link\"><span class=\"screen-reader-text\">\u201eBloggen ist Mainstraim, oder?\u201c <\/span>weiterlesen<\/a><\/p>\n","protected":false},"author":2,"featured_media":0,"comment_status":"open","ping_status":"open","sticky":false,"template":"","format":"aside","meta":{"advanced_seo_description":"","jetpack_seo_html_title":"","jetpack_seo_noindex":false,"_jetpack_memberships_contains_paid_content":false,"footnotes":"","jetpack_publicize_message":"","jetpack_publicize_feature_enabled":true,"jetpack_social_post_already_shared":false,"jetpack_social_options":{"image_generator_settings":{"template":"highway","default_image_id":0,"font":"","enabled":false},"version":2}},"categories":[1],"tags":[336],"class_list":["post-722","post","type-post","status-publish","format-aside","hentry","category-allgemein","tag-allgemein","post_format-post-format-aside"],"wppr_data":[],"jetpack_publicize_connections":[],"jetpack_featured_media_url":"","jetpack_shortlink":"https:\/\/wp.me\/pOKED-bE","jetpack_sharing_enabled":true,"jetpack-related-posts":[{"id":1432,"url":"https:\/\/news.lamprecht.net\/index.php\/2009\/05\/12\/officezilla-bietet-eine-schlanke-projektlosung-fur-teams\/","url_meta":{"origin":722,"position":0},"title":"Officezilla bietet eine schlanke Projektl\u00f6sung f\u00fcr Teams","author":"Stephan Lamprecht, Ahrensburg","date":"12\/5\/2009","format":"aside","excerpt":"In den vergangenen Tagen habe ich mit intensiver mit Groupwarel\u00f6sungen im Web besch\u00e4ftigt. OfficeZilla verspricht dem Nutzer, eine komplettes Paket an Werkzeugen f\u00fcr die Projektarbeit im Team zur Verf\u00fcgung zu stellen. Nachdem Sie sich f\u00fcr die Er\u00f6ffnung eines kostenlosen Benutzerkontos entschieden haben, werden Sie sofort zu Ihrem neuen Projektoffice geleitet.\u2026","rel":"","context":"In &quot;allgemein&quot;","block_context":{"text":"allgemein","link":"https:\/\/news.lamprecht.net\/index.php\/category\/stamm\/allgemein\/"},"img":{"alt_text":"","src":"https:\/\/i0.wp.com\/news.lamprecht.net\/wp-content\/uploads\/office-zilla1-small.jpg?resize=350%2C200&ssl=1","width":350,"height":200},"classes":[]},{"id":2128,"url":"https:\/\/news.lamprecht.net\/index.php\/2011\/06\/02\/die-zukunft-des-lesens-ist-digital-das-dauert-noch-glauben-sie-mir\/","url_meta":{"origin":722,"position":1},"title":"Die Zukunft des Lesens ist digital? Das dauert noch, glauben Sie mir","author":"Stephan Lamprecht, Ahrensburg","date":"2\/6\/2011","format":false,"excerpt":"Amazon will nach eigenem Bekunden inzwischen mehr elektronische als klassische B\u00fccher verkaufen. Das klingt beeindruckend, oder? Bedeutet das nun, dass die digitale Zukunft des Lesens gekommen ist? Ich glaube nicht. Warum? Weil Sie ein Buch einfach aus dem Regal nehmen und \u00fcberall lesen k\u00f6nnen! Und Sie k\u00f6nnen es auch jedem\u2026","rel":"","context":"In &quot;allgemein&quot;","block_context":{"text":"allgemein","link":"https:\/\/news.lamprecht.net\/index.php\/category\/stamm\/allgemein\/"},"img":{"alt_text":"","src":"","width":0,"height":0},"classes":[]},{"id":1334,"url":"https:\/\/news.lamprecht.net\/index.php\/2009\/03\/30\/die-dinge-mit-spicebird-geregelt-kriegen\/","url_meta":{"origin":722,"position":2},"title":"Die Dinge mit Spicebird geregelt kriegen","author":"Stephan Lamprecht, Ahrensburg","date":"30\/3\/2009","format":"aside","excerpt":"Derzeit besch\u00e4ftige ich mich recht intensiv mit Werkzeugen und Programmen aus der Firefox- und Mozilla-Familie. Zwar hatte ich vor einigen Wochen schon einmal im Internet von Spicebird gelesen, mich dann aber doch nicht mit dem Programm besch\u00e4ftigt. Ein Fehler, wie ich heute feststellen muss. Unter Linux habe ich eine Weile\u2026","rel":"","context":"In &quot;allgemein&quot;","block_context":{"text":"allgemein","link":"https:\/\/news.lamprecht.net\/index.php\/category\/stamm\/allgemein\/"},"img":{"alt_text":"","src":"https:\/\/i0.wp.com\/news.lamprecht.net\/wp-content\/uploads\/spicebird-small.jpg?resize=350%2C200&ssl=1","width":350,"height":200},"classes":[]},{"id":2368,"url":"https:\/\/news.lamprecht.net\/index.php\/2013\/02\/12\/mit-diesen-werkzeugen-arbeite-ich\/","url_meta":{"origin":722,"position":3},"title":"Mit diesen Werkzeugen arbeite ich","author":"Stephan Lamprecht, Ahrensburg","date":"12\/2\/2013","format":false,"excerpt":"Diesen Artikel habe ich nun schon eine Weile aufgeschoben. In den vergangenen Jahren kamen zwar immer mal wieder pers\u00f6nliche Mails, die um einen Software-Tipps gebeten hatten, aber irgendwie fehlte mir der ausschlaggebende Impuls, um mal ein paar Worte \u00fcber meine Ausr\u00fcstung zu verlieren. Vor einigen Wochen habe ich indes die\u2026","rel":"","context":"In &quot;allgemein&quot;","block_context":{"text":"allgemein","link":"https:\/\/news.lamprecht.net\/index.php\/category\/stamm\/allgemein\/"},"img":{"alt_text":"","src":"","width":0,"height":0},"classes":[]},{"id":1240,"url":"https:\/\/news.lamprecht.net\/index.php\/2009\/01\/19\/rocketdock-das-beste-dock-fur-windows\/","url_meta":{"origin":722,"position":4},"title":"RocketDock &#8211; das beste Dock f\u00fcr Windows","author":"Stephan Lamprecht, Ahrensburg","date":"19\/1\/2009","format":"aside","excerpt":"Auch wenn ich eigentlich ein gro\u00dfer Freund von Linux und Opensource-Programmen bin, arbeite ich in der letzten Zeit verst\u00e4rkt mit meinem neuen Acer-Notebook, auf dem sich aus Bequemlichkeit noch kein Linux befindet, sondern Vista das OS stellt. Vista ist sicherlich hinsichtlich der Benutzerf\u00fchrung und Oberfl\u00e4che die derzeit beste Windows-Version, was\u2026","rel":"","context":"In &quot;allgemein&quot;","block_context":{"text":"allgemein","link":"https:\/\/news.lamprecht.net\/index.php\/category\/stamm\/allgemein\/"},"img":{"alt_text":"rocketdock","src":"https:\/\/i0.wp.com\/news.lamprecht.net\/wp-content\/uploads\/rocketdock-small.jpg?resize=350%2C200&ssl=1","width":350,"height":200},"classes":[]},{"id":220,"url":"https:\/\/news.lamprecht.net\/index.php\/2005\/06\/15\/umts-bloss-vier-buchstaben\/","url_meta":{"origin":722,"position":5},"title":"UMTS &#8211; bloss vier Buchstaben?","author":"Stephan Lamprecht, Ahrensburg","date":"15\/6\/2005","format":"aside","excerpt":"Beobachtungen rund um das Stra\u00dfenfest meiner Heimatstadt, wobei auch UMTS eine Rolle spielt.","rel":"","context":"In \"Marginalia\"","block_context":{"text":"Marginalia","link":"https:\/\/news.lamprecht.net\/index.php\/tag\/marginalia\/"},"img":{"alt_text":"","src":"","width":0,"height":0},"classes":[]}],"_links":{"self":[{"href":"https:\/\/news.lamprecht.net\/index.php\/wp-json\/wp\/v2\/posts\/722","targetHints":{"allow":["GET"]}}],"collection":[{"href":"https:\/\/news.lamprecht.net\/index.php\/wp-json\/wp\/v2\/posts"}],"about":[{"href":"https:\/\/news.lamprecht.net\/index.php\/wp-json\/wp\/v2\/types\/post"}],"author":[{"embeddable":true,"href":"https:\/\/news.lamprecht.net\/index.php\/wp-json\/wp\/v2\/users\/2"}],"replies":[{"embeddable":true,"href":"https:\/\/news.lamprecht.net\/index.php\/wp-json\/wp\/v2\/comments?post=722"}],"version-history":[{"count":0,"href":"https:\/\/news.lamprecht.net\/index.php\/wp-json\/wp\/v2\/posts\/722\/revisions"}],"wp:attachment":[{"href":"https:\/\/news.lamprecht.net\/index.php\/wp-json\/wp\/v2\/media?parent=722"}],"wp:term":[{"taxonomy":"category","embeddable":true,"href":"https:\/\/news.lamprecht.net\/index.php\/wp-json\/wp\/v2\/categories?post=722"},{"taxonomy":"post_tag","embeddable":true,"href":"https:\/\/news.lamprecht.net\/index.php\/wp-json\/wp\/v2\/tags?post=722"}],"curies":[{"name":"wp","href":"https:\/\/api.w.org\/{rel}","templated":true}]}}