{"id":714,"date":"2007-03-13T06:13:45","date_gmt":"2007-03-13T05:13:45","guid":{"rendered":"https:\/\/news.lamprecht.net\/?p=714"},"modified":"2007-03-11T17:12:02","modified_gmt":"2007-03-11T16:12:02","slug":"clipmarks-immer-diese-umlaute","status":"publish","type":"post","link":"https:\/\/news.lamprecht.net\/index.php\/2007\/03\/13\/clipmarks-immer-diese-umlaute\/","title":{"rendered":"Clipmarks: Immer diese Umlaute"},"content":{"rendered":"<p>W\u00e4hrend Services zum Speichern von Bookmarks eine Weile wie Pilze aus dem Boden zu sprie\u00dfen schienen, sind Angebote zum Ablegen ganzer Webseiten eher die Ausnahme. Mit Furl d\u00fcmpelt seit Jahren ein immer noch recht popul\u00e4rer Dienst technologisch dahin, weswegen ich mich Ende 2005 f\u00fcr <a href=\"http:\/\/www.clipmarks.com\/\">Clipmarks<\/a> entschieden habe. Inzwischen haben die Anbieter eine neue Version ihrer Toolbar f\u00fcr den Firefox herausgebracht, und eine Reihe neuer Funktionen entwickelt. <\/p>\n<p>Besonders gespannt war ich auf die Blog-Funktion. Damit markieren Sie nicht nur eine Webseite oder Teile davon, um den Inhalt in das pers\u00f6nliche Archiv zu stellen, sondern k\u00f6nnen zu diesem Clipping auch einen Beitrag f\u00fcr Ihr Blog verfassen. Die Einrichtung meines Blogs war auch problemlos m\u00f6glich. Aber bei einem Testposting musste ich dann leider feststellen, dass Clipmarks ganz b\u00f6se Probleme mit den deutschen Umlauten (zumindest UTF kodiert) hat. Und damit hatte sich der Test dieser sch\u00f6nen Funktion auch wieder erledigt. Schade, denn nach wie vor, gef\u00e4llt mir Clipmarks ausgesprochen gut. <\/p>\n","protected":false},"excerpt":{"rendered":"<p>W\u00e4hrend Services zum Speichern von Bookmarks eine Weile wie Pilze aus dem Boden zu sprie\u00dfen schienen, sind Angebote zum Ablegen ganzer Webseiten eher die Ausnahme. Mit Furl d\u00fcmpelt seit Jahren ein immer noch recht popul\u00e4rer Dienst technologisch dahin, weswegen ich mich Ende 2005 f\u00fcr Clipmarks entschieden habe. Inzwischen haben die Anbieter eine neue Version ihrer &hellip; <\/p>\n<p class=\"link-more\"><a href=\"https:\/\/news.lamprecht.net\/index.php\/2007\/03\/13\/clipmarks-immer-diese-umlaute\/\" class=\"more-link\"><span class=\"screen-reader-text\">\u201eClipmarks: Immer diese Umlaute\u201c <\/span>weiterlesen<\/a><\/p>\n","protected":false},"author":2,"featured_media":0,"comment_status":"open","ping_status":"open","sticky":false,"template":"","format":"aside","meta":{"advanced_seo_description":"","jetpack_seo_html_title":"","jetpack_seo_noindex":false,"_jetpack_memberships_contains_paid_content":false,"footnotes":"","jetpack_publicize_message":"","jetpack_publicize_feature_enabled":true,"jetpack_social_post_already_shared":false,"jetpack_social_options":{"image_generator_settings":{"template":"highway","default_image_id":0,"font":"","enabled":false},"version":2}},"categories":[],"tags":[14],"class_list":["post-714","post","type-post","status-publish","format-aside","hentry","tag-socialsoftware","post_format-post-format-aside"],"wppr_data":[],"jetpack_publicize_connections":[],"jetpack_featured_media_url":"","jetpack_shortlink":"https:\/\/wp.me\/pOKED-bw","jetpack_sharing_enabled":true,"jetpack-related-posts":[{"id":377,"url":"https:\/\/news.lamprecht.net\/index.php\/2005\/12\/14\/clipmarks-eine-gute-alternative-zu-furl\/","url_meta":{"origin":714,"position":0},"title":"Clipmarks &#8211; eine gute Alternative zu Furl","author":"Stephan Lamprecht, Ahrensburg","date":"14\/12\/2005","format":"aside","excerpt":"W\u00e4hrend die Alternativen zu del.icio.us ja wie Pilze aus dem Boden wuchsen (Taggle, Simpy, Blinklist), war Furl einigerma\u00dfen konkurrenzlos. Mit Clipmarks \u00e4ndert sich dies. Mit diesem Service speichern Sie Teile oder ganze Internetseiten in einem pers\u00f6nlichen Archiv. Um Ihnen die Arbeit zu erleichtern, wird ein kleines Bookmarklet angeboten, das auch\u2026","rel":"","context":"In \"Bookmarks\"","block_context":{"text":"Bookmarks","link":"https:\/\/news.lamprecht.net\/index.php\/tag\/bookmarks\/"},"img":{"alt_text":"Clipmarks im Einsatz auf Heise","src":"https:\/\/i0.wp.com\/news.lamprecht.net\/wp-content\/images\/thumb-clipmarks.jpg?resize=350%2C200&ssl=1","width":350,"height":200},"classes":[]},{"id":442,"url":"https:\/\/news.lamprecht.net\/index.php\/2006\/03\/27\/clipclip-solide-sammelmappe-fur-surftouren\/","url_meta":{"origin":714,"position":1},"title":"ClipClip &#8211; solide Sammelmappe f\u00fcr Surftouren","author":"Stephan Lamprecht, Ahrensburg","date":"27\/3\/2006","format":"aside","excerpt":"Mit Clipmarks habe ich Ihnen im Dezember bereits eine Alternative zu Furl vorgestellt. Auch das Ziel von ClipClip besteht darin, Sie beim Speichern von interessanten Webinhalten zu unterst\u00fctzen. Um sich von den Mitbewerbern zu unterscheiden, w\u00e4hlt ClipClip Aktivit\u00e4ten als Organisationsform f\u00fcr die abgelegten Informationen. Wie es sich f\u00fcr eine zeitgem\u00e4\u00dfe\u2026","rel":"","context":"In \"Socialsoftware\"","block_context":{"text":"Socialsoftware","link":"https:\/\/news.lamprecht.net\/index.php\/tag\/socialsoftware\/"},"img":{"alt_text":"Oberfl\u00e4che ClipClip","src":"https:\/\/i0.wp.com\/news.lamprecht.net\/wp-content\/images\/thumb-clipclip.jpg?resize=350%2C200&ssl=1","width":350,"height":200},"classes":[]},{"id":2525,"url":"https:\/\/news.lamprecht.net\/index.php\/2014\/02\/01\/den-ersten-mac-vergisst-du-nie\/","url_meta":{"origin":714,"position":2},"title":"Den ersten Mac vergisst Du nie","author":"Stephan Lamprecht, Ahrensburg","date":"1\/2\/2014","format":false,"excerpt":"30 Jahre ist das jetzt her? Solchen Jubil\u00e4en sehe ich immer mit gemischten Gef\u00fchlen entgegen, verdeutlichen sie doch immer nur, wie alt man selbst eigentlich schon ist. In diesem Fall mit besonders gemischten Gef\u00fchlen, denn mit Apple verbindet mich eine regelrechte Hass-Liebe. Den ersten Mac vergisst Du nie. So auch\u2026","rel":"","context":"In &quot;allgemein&quot;","block_context":{"text":"allgemein","link":"https:\/\/news.lamprecht.net\/index.php\/category\/stamm\/allgemein\/"},"img":{"alt_text":"Bild Apple Performa","src":"https:\/\/i0.wp.com\/news.lamprecht.net\/wp-content\/uploads\/1-2-14-bild-449x299.jpg?resize=350%2C200&ssl=1","width":350,"height":200},"classes":[]},{"id":410,"url":"https:\/\/news.lamprecht.net\/index.php\/2006\/01\/31\/selbstmanagement-mit-gtd-php\/","url_meta":{"origin":714,"position":3},"title":"Selbstmanagement mit GTD-PHP","author":"Stephan Lamprecht, Ahrensburg","date":"31\/1\/2006","format":"aside","excerpt":"Eine neue Software f\u00fcr das Selbstmanagement mit GTD.","rel":"","context":"In \"Selbstmanagement\"","block_context":{"text":"Selbstmanagement","link":"https:\/\/news.lamprecht.net\/index.php\/tag\/selbstmanagement\/"},"img":{"alt_text":"Arbeitsbildschirm GTD-PHP","src":"https:\/\/i0.wp.com\/news.lamprecht.net\/wp-content\/images\/thumb-gtd_php.jpg?resize=350%2C200&ssl=1","width":350,"height":200},"classes":[]},{"id":2324,"url":"https:\/\/news.lamprecht.net\/index.php\/2012\/09\/16\/erfahrungen-mit-dem-google-nexus-7-kein-ipad-killer\/","url_meta":{"origin":714,"position":4},"title":"Erfahrungen mit dem Google Nexus 7 &#8211; (k)ein iPad Killer","author":"Stephan Lamprecht, Ahrensburg","date":"16\/9\/2012","format":false,"excerpt":"Seit 14 Tagen bereichert das Google Nexus 7 Tablet den Ger\u00e4tepark in unserem Haushalt. Viel wurde in der Vorberichterstattung dazu bereits geschrieben. Sogar von einem \u00e2\u20ac\u0153iPad-Killer\u00e2\u20ac\u009d war vereinzelt die Rede. Gen\u00fcgend Vorschusslorbeeren f\u00fcr ein kleines Tablet also. Bestellung und Unboxing Ich habe am Erstverkaufstag das Nexus direkt im Google PlayStore\u2026","rel":"","context":"In &quot;allgemein&quot;","block_context":{"text":"allgemein","link":"https:\/\/news.lamprecht.net\/index.php\/category\/stamm\/allgemein\/"},"img":{"alt_text":"","src":"https:\/\/i0.wp.com\/news.lamprecht.net\/wp-content\/uploads\/swiftkey-tablet-android-tm.jpg?resize=350%2C200&ssl=1","width":350,"height":200},"classes":[]},{"id":2033,"url":"https:\/\/news.lamprecht.net\/index.php\/2010\/12\/15\/kostenpflichtiges-oracle-open-office-3-3-veroffentlicht-ich-bin-nicht-dabei\/","url_meta":{"origin":714,"position":5},"title":"Kostenpflichtiges Oracle Open Office 3.3 ver\u00f6ffentlicht &#8211; ich bin nicht dabei","author":"Stephan Lamprecht, Ahrensburg","date":"15\/12\/2010","format":"aside","excerpt":"Kostenpflichtiges Oracle Open Office 3.3 ver\u00f6ffentlicht Oracle hat seine Office-Suites Open Office 3.3 und das webbasierte Oracle Cloud Office in der Version 1.0 ver\u00f6ffentlicht. Oracle Open Office kann ab sofort zu Preisen ab 39 Euro erworben werden, die freie Version der Office-Suite steht noch nicht zum Download bereit.[From Openoffice.org: Kostenpflichtiges\u2026","rel":"","context":"In &quot;allgemein&quot;","block_context":{"text":"allgemein","link":"https:\/\/news.lamprecht.net\/index.php\/category\/stamm\/allgemein\/"},"img":{"alt_text":"","src":"","width":0,"height":0},"classes":[]}],"_links":{"self":[{"href":"https:\/\/news.lamprecht.net\/index.php\/wp-json\/wp\/v2\/posts\/714","targetHints":{"allow":["GET"]}}],"collection":[{"href":"https:\/\/news.lamprecht.net\/index.php\/wp-json\/wp\/v2\/posts"}],"about":[{"href":"https:\/\/news.lamprecht.net\/index.php\/wp-json\/wp\/v2\/types\/post"}],"author":[{"embeddable":true,"href":"https:\/\/news.lamprecht.net\/index.php\/wp-json\/wp\/v2\/users\/2"}],"replies":[{"embeddable":true,"href":"https:\/\/news.lamprecht.net\/index.php\/wp-json\/wp\/v2\/comments?post=714"}],"version-history":[{"count":0,"href":"https:\/\/news.lamprecht.net\/index.php\/wp-json\/wp\/v2\/posts\/714\/revisions"}],"wp:attachment":[{"href":"https:\/\/news.lamprecht.net\/index.php\/wp-json\/wp\/v2\/media?parent=714"}],"wp:term":[{"taxonomy":"category","embeddable":true,"href":"https:\/\/news.lamprecht.net\/index.php\/wp-json\/wp\/v2\/categories?post=714"},{"taxonomy":"post_tag","embeddable":true,"href":"https:\/\/news.lamprecht.net\/index.php\/wp-json\/wp\/v2\/tags?post=714"}],"curies":[{"name":"wp","href":"https:\/\/api.w.org\/{rel}","templated":true}]}}