{"id":703,"date":"2007-02-27T06:10:47","date_gmt":"2007-02-27T05:10:47","guid":{"rendered":"https:\/\/news.lamprecht.net\/?p=703"},"modified":"2007-02-25T12:47:04","modified_gmt":"2007-02-25T11:47:04","slug":"acorn-ideenmanagement-zu-schlicht-geraten","status":"publish","type":"post","link":"https:\/\/news.lamprecht.net\/index.php\/2007\/02\/27\/acorn-ideenmanagement-zu-schlicht-geraten\/","title":{"rendered":"Acorn &#8211; Ideenmanagement zu schlicht geraten"},"content":{"rendered":"<p>Wer einige Zeit \u00fcber Wikis, Ideenmanagement und Web 2.0 bloggt, findet in seiner Mailbox reichlich Hinweis auf neue Anwendungen, die es aus Sicht der Absender unbedingt lohnen, einmal an dieser Stelle besprochen zu werden. So auch das Angebot <a href=\"http:\/\/www.managemyideas.com\">Acorn<\/a>. Es m\u00f6chte beim Sammeln und Organisieren von Ideen helfen und verspricht gro\u00dfe Flexibilit\u00e4t durch die Verwendung von Tags. <\/p>\n<p>Das klang vielversprechend, also er\u00f6ffnete ich dort schnell ein Benutzerkonto und ging davon aus, eine Art Wiki vorzufinden. Die Schlichtheit der gesamten Anwendung hat mich denn aber doch stark erstaunt. Selbst in einer Standardinstallation ist Mediawiki im Vergleich zu Acorn attraktiver gestaltet. Den Benutzer erwarten einfache Eingabedialoge, die wie Standardformulare in HTML aussehen. Formatierungen und Verkn\u00fcpfungen zu anderen Dokumenten sucht der Anwender leider vergeblich. <\/p>\n<p>Bei der Verwendung von Tags haben die Betreiber allerdings nicht zu viel versprochen. In der Tat k\u00f6nnen Sie jeder Idee eine beliebige Anzahl von Tags zuordnen. Insgesamt entt\u00e4uscht Acorn deutlich. Wie die Entwickler \u00fcberhaupt der Meinung sein k\u00f6nnen, bereits \u00fcber so etwas wie eine Anwendung zu verf\u00fcgen, ist mir r\u00e4tselhaft. Jedes Wiki leistet da bereits mehr.<\/p>\n<p><a href=\"https:\/\/i0.wp.com\/news.lamprecht.net\/wp-content\/images\/acorn.jpg?ssl=1\" title=\"Manage My Ideas\"><img data-recalc-dims=\"1\" loading=\"lazy\" decoding=\"async\" src=\"https:\/\/i0.wp.com\/news.lamprecht.net\/wp-content\/images\/thumb-acorn.jpg?resize=400%2C294&#038;ssl=1\" width=\"400\" height=\"294\" alt=\"Manage My Ideas\" \/><\/a><\/p>\n","protected":false},"excerpt":{"rendered":"<p>Wer einige Zeit \u00fcber Wikis, Ideenmanagement und Web 2.0 bloggt, findet in seiner Mailbox reichlich Hinweis auf neue Anwendungen, die es aus Sicht der Absender unbedingt lohnen, einmal an dieser Stelle besprochen zu werden. So auch das Angebot Acorn. Es m\u00f6chte beim Sammeln und Organisieren von Ideen helfen und verspricht gro\u00dfe Flexibilit\u00e4t durch die Verwendung &hellip; <\/p>\n<p class=\"link-more\"><a href=\"https:\/\/news.lamprecht.net\/index.php\/2007\/02\/27\/acorn-ideenmanagement-zu-schlicht-geraten\/\" class=\"more-link\"><span class=\"screen-reader-text\">\u201eAcorn &#8211; Ideenmanagement zu schlicht geraten\u201c <\/span>weiterlesen<\/a><\/p>\n","protected":false},"author":2,"featured_media":0,"comment_status":"open","ping_status":"open","sticky":false,"template":"","format":"aside","meta":{"advanced_seo_description":"","jetpack_seo_html_title":"","jetpack_seo_noindex":false,"_jetpack_memberships_contains_paid_content":false,"footnotes":"","jetpack_publicize_message":"","jetpack_publicize_feature_enabled":true,"jetpack_social_post_already_shared":false,"jetpack_social_options":{"image_generator_settings":{"template":"highway","default_image_id":0,"font":"","enabled":false},"version":2}},"categories":[],"tags":[14,15],"class_list":["post-703","post","type-post","status-publish","format-aside","hentry","tag-socialsoftware","tag-web-20","post_format-post-format-aside"],"wppr_data":[],"jetpack_publicize_connections":[],"jetpack_featured_media_url":"","jetpack_shortlink":"https:\/\/wp.me\/pOKED-bl","jetpack_sharing_enabled":true,"jetpack-related-posts":[{"id":468,"url":"https:\/\/news.lamprecht.net\/index.php\/2006\/05\/12\/buzzshout-erzahlen-sie-von-ihren-web-20-favoriten\/","url_meta":{"origin":703,"position":0},"title":"Buzzshout &#8211; Erz\u00e4hlen Sie von Ihren Web 2.0-Favoriten","author":"Stephan Lamprecht, Ahrensburg","date":"12\/5\/2006","format":"aside","excerpt":"Angebote, die das Surfen im Web zu einem Gemeinschaftserlebnis machen, sind vielleicht nicht mehr ganz so trendy wie noch vor einem halben Jahr, machen aber nach wie vor Spa\u00df. W\u00e4hrend bei digg die Nutzer selbst in der Hand haben, welche Geschichten und Angebote es auf die Startseite des Dienstes haben,\u2026","rel":"","context":"In \"Socialsoftware\"","block_context":{"text":"Socialsoftware","link":"https:\/\/news.lamprecht.net\/index.php\/tag\/socialsoftware\/"},"img":{"alt_text":"Oberfl\u00e4che BuzzShout","src":"https:\/\/i0.wp.com\/news.lamprecht.net\/wp-content\/images\/thumb-buzzshout.jpg?resize=350%2C200&ssl=1","width":350,"height":200},"classes":[]},{"id":1048,"url":"https:\/\/news.lamprecht.net\/index.php\/2008\/06\/14\/enterprise-20-meist-nur-ein-buzzword\/","url_meta":{"origin":703,"position":1},"title":"Enterprise 2.0 &#8211; Meist nur ein Buzzword","author":"Stephan Lamprecht, Ahrensburg","date":"14\/6\/2008","format":"aside","excerpt":"Neben Social Media Optimierung gibt es derzeit in vielen Unternehmen noch ein weiteres Schlagwort. Es gilt sich fit zu machen f\u00fcr das Zeitalter des Web 2.0 und damit den Weg zum Enterprise 2.0 einzuschlagen. Leider geht dies alles nicht so schnell als der eine oder andere unbedarfte Unternehmenslenker sich so\u2026","rel":"","context":"In \"Web 2.0\"","block_context":{"text":"Web 2.0","link":"https:\/\/news.lamprecht.net\/index.php\/tag\/web-20\/"},"img":{"alt_text":"","src":"","width":0,"height":0},"classes":[]},{"id":395,"url":"https:\/\/news.lamprecht.net\/index.php\/2005\/12\/31\/und-jetzt-der-jahresruckblick\/","url_meta":{"origin":703,"position":2},"title":"Und jetzt &#8230; der Jahresr\u00fcckblick","author":"Stephan Lamprecht, Ahrensburg","date":"31\/12\/2005","format":"aside","excerpt":"Klar, kaum ein Blog, das heute ohne den Jahresr\u00fcckblick auskommt. Zun\u00e4chst darf ich allen Lesern meiner Notizen einen guten Rutsch in das neue Jahr w\u00fcnschen. Mein erstes Jahr als Blogger hat mir viel Spa\u00df gemacht und ich werde trotz einer neuen beruflichen Herausforderung im neuen Jahr versuchen, mich in der\u2026","rel":"","context":"In \"Blogging\"","block_context":{"text":"Blogging","link":"https:\/\/news.lamprecht.net\/index.php\/tag\/blogging\/"},"img":{"alt_text":"","src":"","width":0,"height":0},"classes":[]},{"id":447,"url":"https:\/\/news.lamprecht.net\/index.php\/2006\/04\/05\/datenbank-web-20-style-lazybase\/","url_meta":{"origin":703,"position":3},"title":"Datenbank Web 2.0 Style &#8211; Lazybase","author":"Stephan Lamprecht, Ahrensburg","date":"5\/4\/2006","format":"aside","excerpt":"Wer bisher professionell Inhalte aus einer Datenbank im Internet ver\u00f6ffentlichen wollte, kam um PHP und eine SQL-Datenbank kaum herum. Die meisten Heimanwender d\u00fcrften ihre Daten wie B\u00fcchersammlungen oder Adressen in Works, Excel oder Access verwalten und nicht alle Hoster stellen preiswert Datenbankunterst\u00fctzung zur Verf\u00fcgung. Wer sich weder in PHP noch\u2026","rel":"","context":"In \"Software\"","block_context":{"text":"Software","link":"https:\/\/news.lamprecht.net\/index.php\/tag\/software\/"},"img":{"alt_text":"Oberfk\u00e4che Lazybase","src":"https:\/\/i0.wp.com\/news.lamprecht.net\/wp-content\/images\/thumb-lazy.jpg?resize=350%2C200&ssl=1","width":350,"height":200},"classes":[]},{"id":704,"url":"https:\/\/news.lamprecht.net\/index.php\/2007\/03\/02\/jubii-freemailer-und-filesharing\/","url_meta":{"origin":703,"position":4},"title":"Jubii: Freemailer und Filesharing","author":"Stephan Lamprecht, Ahrensburg","date":"2\/3\/2007","format":"aside","excerpt":"W\u00e4hrend Hotmail und Yahoo durch neue Oberfl\u00e4chen geschwind versuchen, die \u00c4sthetik und Funktion der Web 2.0 Anwendungen zu kopieren, haben die Betreiber von Jubii gleich von Beginn an neu entwickelt und legen einen eigenen Ansatz f\u00fcr Freemailer und Filesharing vor. \u00dcberfl\u00fcssig zu schreiben, dass sich der Dienst noch im Betastadium\u2026","rel":"","context":"In \"Bookmarks\"","block_context":{"text":"Bookmarks","link":"https:\/\/news.lamprecht.net\/index.php\/tag\/bookmarks\/"},"img":{"alt_text":"Filesharing mit Jubii","src":"https:\/\/i0.wp.com\/news.lamprecht.net\/wp-content\/images\/thumb-jubii.jpg?resize=350%2C200&ssl=1","width":350,"height":200},"classes":[]},{"id":1058,"url":"https:\/\/news.lamprecht.net\/index.php\/2008\/06\/17\/die-veraltete-technik-in-unternehmen-2\/","url_meta":{"origin":703,"position":5},"title":"Die veraltete Technik in Unternehmen","author":"Stephan Lamprecht, Ahrensburg","date":"17\/6\/2008","format":"aside","excerpt":"In einem Artikel der von mir sehr gesch\u00e4tzten Zeitschrift Business Technology, der sich mit der Investionsfreudigkeit in deutschen Unternehmen auseinandersetzt, habe ich einen nachdenkenswerten Satz gefunden. Dieser besagt, sinngem\u00e4\u00df zitiert, dass das Tempo der Erfahrung eines Mitarbeiters im Umgang mit IT heute vom privaten Umfeld dominiert wird. Online-Anwendungen aus dem\u2026","rel":"","context":"In \"Lekt\u00fcre\"","block_context":{"text":"Lekt\u00fcre","link":"https:\/\/news.lamprecht.net\/index.php\/tag\/lektuere\/"},"img":{"alt_text":"","src":"","width":0,"height":0},"classes":[]}],"_links":{"self":[{"href":"https:\/\/news.lamprecht.net\/index.php\/wp-json\/wp\/v2\/posts\/703","targetHints":{"allow":["GET"]}}],"collection":[{"href":"https:\/\/news.lamprecht.net\/index.php\/wp-json\/wp\/v2\/posts"}],"about":[{"href":"https:\/\/news.lamprecht.net\/index.php\/wp-json\/wp\/v2\/types\/post"}],"author":[{"embeddable":true,"href":"https:\/\/news.lamprecht.net\/index.php\/wp-json\/wp\/v2\/users\/2"}],"replies":[{"embeddable":true,"href":"https:\/\/news.lamprecht.net\/index.php\/wp-json\/wp\/v2\/comments?post=703"}],"version-history":[{"count":0,"href":"https:\/\/news.lamprecht.net\/index.php\/wp-json\/wp\/v2\/posts\/703\/revisions"}],"wp:attachment":[{"href":"https:\/\/news.lamprecht.net\/index.php\/wp-json\/wp\/v2\/media?parent=703"}],"wp:term":[{"taxonomy":"category","embeddable":true,"href":"https:\/\/news.lamprecht.net\/index.php\/wp-json\/wp\/v2\/categories?post=703"},{"taxonomy":"post_tag","embeddable":true,"href":"https:\/\/news.lamprecht.net\/index.php\/wp-json\/wp\/v2\/tags?post=703"}],"curies":[{"name":"wp","href":"https:\/\/api.w.org\/{rel}","templated":true}]}}