{"id":670,"date":"2007-01-23T06:45:17","date_gmt":"2007-01-23T05:45:17","guid":{"rendered":"https:\/\/news.lamprecht.net\/?p=670"},"modified":"2007-01-19T20:55:46","modified_gmt":"2007-01-19T19:55:46","slug":"margriet-de-moor-sturmflut","status":"publish","type":"post","link":"https:\/\/news.lamprecht.net\/index.php\/2007\/01\/23\/margriet-de-moor-sturmflut\/","title":{"rendered":"Margriet de Moor: Sturmflut"},"content":{"rendered":"<div>\n<p style=\"\">Zwei Schwestern treffen die sonderbare Vereinbarung, dass die eine, die andere auf der Geburtstagsfeier des eigenen Patenkinds vertreten m&ouml;ge, was diese auch tut. Nur eben am 31. Januar 1953, dem Tag einer katastrophalen Sturmflut in den Niederlanden, die rund 2000 Menschen das Leben kostet. Zun&auml;chst war ich nach der Lekt&uuml;re des Klappentextes etwas skeptisch, ob dieser Stoff, die Kraft haben w&uuml;rde, seine Leser zu fesseln. Diese Skepsis war ohne jeden Zweifel unberechtigt.  <a href=\"http:\/\/de.wikipedia.org\/wiki\/Margriet_de_Moor\">Margriet de Moor<\/a> schreibt eindrucksvoll, mit starken Bildern, die im Kopf bleiben. Sie erz&auml;hlt die Geschichte von Armanda, die versucht, das Leben ihrer verschwundenen Schwester zu f&uuml;hren und dazu sogar deren Mann heiraten muss. Stets und st&auml;ndig merkt man diesen Charakteren an, wie sich die Frage nach der Schuld in ihre Hirne brennt. Zugleich, mit einer bemerkenswerten erz&auml;hlerischen Distanz und Kraft, wird der Fortgang der Katastrophe und der sanfte Tod durch Erfrieren ihrer Schwester Lidy geschildert. Die beiden Schicksale bleiben stets miteinander verwoben, bis an ihren nahen Ende Armanda Zwiesprache mit dem Geist von Lidy h&auml;lt. Ein faszinierendes, kraftvolles Buch.<\/p>\n<p><br clear=\"left\"\/><\/div>\n<p><iframe src=\"http:\/\/rcm-de.amazon.de\/e\/cm?t=redaktionsb0f-21&#038;o=3&#038;p=8&#038;l=as1&#038;asins=3446207139&#038;fc1=000000&#038;IS2=1&#038;lt1=_blank&#038;lc1=0000FF&#038;bc1=FFFFFF&#038;bg1=FFFFFF&#038;f=ifr&#038;nou=1\" style=\"width:120px;height:240px;\" scrolling=\"no\" marginwidth=\"0\" marginheight=\"0\" frameborder=\"0\"><\/iframe><\/p>\n","protected":false},"excerpt":{"rendered":"<p>Zwei Schwestern treffen die sonderbare Vereinbarung, dass die eine, die andere auf der Geburtstagsfeier des eigenen Patenkinds vertreten m&ouml;ge, was diese auch tut. Nur eben am 31. Januar 1953, dem Tag einer katastrophalen Sturmflut in den Niederlanden, die rund 2000 Menschen das Leben kostet. Zun&auml;chst war ich nach der Lekt&uuml;re des Klappentextes etwas skeptisch, ob &hellip; <\/p>\n<p class=\"link-more\"><a href=\"https:\/\/news.lamprecht.net\/index.php\/2007\/01\/23\/margriet-de-moor-sturmflut\/\" class=\"more-link\"><span class=\"screen-reader-text\">\u201eMargriet de Moor: Sturmflut\u201c <\/span>weiterlesen<\/a><\/p>\n","protected":false},"author":2,"featured_media":0,"comment_status":"open","ping_status":"open","sticky":false,"template":"","format":"aside","meta":{"advanced_seo_description":"","jetpack_seo_html_title":"","jetpack_seo_noindex":false,"_jetpack_memberships_contains_paid_content":false,"footnotes":"","jetpack_publicize_message":"","jetpack_publicize_feature_enabled":true,"jetpack_social_post_already_shared":false,"jetpack_social_options":{"image_generator_settings":{"template":"highway","default_image_id":0,"font":"","enabled":false},"version":2}},"categories":[],"tags":[3],"class_list":["post-670","post","type-post","status-publish","format-aside","hentry","tag-lektuere","post_format-post-format-aside"],"wppr_data":[],"jetpack_publicize_connections":[],"jetpack_featured_media_url":"","jetpack_shortlink":"https:\/\/wp.me\/pOKED-aO","jetpack_sharing_enabled":true,"jetpack-related-posts":[{"id":1841,"url":"https:\/\/news.lamprecht.net\/index.php\/2010\/04\/06\/diagnose-burnout-zwei-buchtipps\/","url_meta":{"origin":670,"position":0},"title":"Diagnose Burnout: Zwei Buchtipps","author":"Stephan Lamprecht, Ahrensburg","date":"6\/4\/2010","format":"aside","excerpt":"Man f\u00fchlt sich schlapp und ausgelaugt. Ist h\u00e4ufiger als sonst krank und dann kommt der Zusammenbruch. So das g\u00e4ngige Klischee und die allgemeine Beschreibung eines Burnouts in den einschl\u00e4gigen Medien. Und tats\u00e4chlich: So ist es auch, wenn auch das unmittelbare Erleben ganz anders, viel st\u00e4rker und bedrohlicher ist, als sich\u2026","rel":"","context":"In &quot;allgemein&quot;","block_context":{"text":"allgemein","link":"https:\/\/news.lamprecht.net\/index.php\/category\/stamm\/allgemein\/"},"img":{"alt_text":"","src":"","width":0,"height":0},"classes":[]},{"id":1563,"url":"https:\/\/news.lamprecht.net\/index.php\/2009\/08\/09\/gdi-impuls-eine-sehr-anregende-lekture\/","url_meta":{"origin":670,"position":1},"title":"GDI Impuls &#8211; eine sehr anregende Lekt\u00fcre","author":"Stephan Lamprecht, Ahrensburg","date":"9\/8\/2009","format":"aside","excerpt":"Auf der Suche nach neuem Lesestoff bin ich auf die Schweizer Publikation GDI Impuls gesto\u00dfen. Die Zeitschrift erscheint viermal im Jahr und wird vom renommierten Gottlieb Duttweiler Institut herausgegeben. F\u00fcr 22 Euro pro Ausgabe erhalten Sie Anregungen und fundierte Betrachtungen zu Themen aus Wirtschaft, Gesellschaft und Handel. Die aktuelle Nummer\u2026","rel":"","context":"In &quot;allgemein&quot;","block_context":{"text":"allgemein","link":"https:\/\/news.lamprecht.net\/index.php\/category\/stamm\/allgemein\/"},"img":{"alt_text":"","src":"","width":0,"height":0},"classes":[]},{"id":1967,"url":"https:\/\/news.lamprecht.net\/index.php\/2010\/06\/13\/einsamkeit-und-sex-und-mitleid\/","url_meta":{"origin":670,"position":2},"title":"Einsamkeit und Sex und Mitleid","author":"Stephan Lamprecht, Ahrensburg","date":"13\/6\/2010","format":"aside","excerpt":"So der Titel eines Buches von Helmut Krausser, das ich in den vergangenen zwei Tagen schier verschlungen habe. Das Buch ist ein Episodenroman im reinsten Wortsinn. Die Episoden, die Krausser schildert, sind skurril, humorvoll, absurd und doch auf wundersame Weise miteinander verwoben. Da ist Vincent, seines Zeichens Callboy, der am\u2026","rel":"","context":"In &quot;allgemein&quot;","block_context":{"text":"allgemein","link":"https:\/\/news.lamprecht.net\/index.php\/category\/stamm\/allgemein\/"},"img":{"alt_text":"","src":"","width":0,"height":0},"classes":[]},{"id":3815,"url":"https:\/\/news.lamprecht.net\/index.php\/2025\/12\/25\/mein-lektuerejahr-2025\/","url_meta":{"origin":670,"position":3},"title":"Mein Lekt\u00fcrejahr 2025","author":"Stephan Lamprecht, Ahrensburg","date":"25\/12\/2025","format":false,"excerpt":"Zeit f\u00fcr den Jahresr\u00fcckblick der B\u00fccher, die ich 2025 gelesen habe.","rel":"","context":"In &quot;allgemein&quot;","block_context":{"text":"allgemein","link":"https:\/\/news.lamprecht.net\/index.php\/category\/stamm\/allgemein\/"},"img":{"alt_text":"lekt\u00fcre-2025","src":"https:\/\/i0.wp.com\/news.lamprecht.net\/wp-content\/uploads\/lektuere-2025-header.jpg?fit=1200%2C675&ssl=1&resize=350%2C200","width":350,"height":200,"srcset":"https:\/\/i0.wp.com\/news.lamprecht.net\/wp-content\/uploads\/lektuere-2025-header.jpg?fit=1200%2C675&ssl=1&resize=350%2C200 1x, https:\/\/i0.wp.com\/news.lamprecht.net\/wp-content\/uploads\/lektuere-2025-header.jpg?fit=1200%2C675&ssl=1&resize=525%2C300 1.5x, https:\/\/i0.wp.com\/news.lamprecht.net\/wp-content\/uploads\/lektuere-2025-header.jpg?fit=1200%2C675&ssl=1&resize=700%2C400 2x, https:\/\/i0.wp.com\/news.lamprecht.net\/wp-content\/uploads\/lektuere-2025-header.jpg?fit=1200%2C675&ssl=1&resize=1050%2C600 3x"},"classes":[]},{"id":793,"url":"https:\/\/news.lamprecht.net\/index.php\/2007\/08\/08\/charles-lewinsky-melnitz\/","url_meta":{"origin":670,"position":4},"title":"Charles Lewinsky: Melnitz","author":"Stephan Lamprecht, Ahrensburg","date":"8\/8\/2007","format":"aside","excerpt":"Schon lange wollte ich den Roman von Charles Lewinsky lesen, aber die \u00fcber 700 Seiten lie\u00dfen es angeraten, mit der Lekt\u00fcre auf den Sommerurlaub zu warten. Die Entscheidung war richtig, denn andernfalls h\u00e4tte ich mit tiefen Ringen unter den Augen am Arbeitsplatz gesessen, denn das Buch hat mich nicht losgelassen.\u2026","rel":"","context":"In \"Lekt\u00fcre\"","block_context":{"text":"Lekt\u00fcre","link":"https:\/\/news.lamprecht.net\/index.php\/tag\/lektuere\/"},"img":{"alt_text":"","src":"","width":0,"height":0},"classes":[]},{"id":2425,"url":"https:\/\/news.lamprecht.net\/index.php\/2013\/07\/26\/die-kunst-sich-die-schuhe-zu-binden-watchever-rezension\/","url_meta":{"origin":670,"position":5},"title":"&#8220;Die Kunst, sich die Schuhe zu binden&#8221; (Watchever-Rezension)","author":"Stephan Lamprecht, Ahrensburg","date":"26\/7\/2013","format":false,"excerpt":"Der schwedische Film \"Die Kunst, sich die Schuhe zu binden\" wird mit Sicherheit schnell bei Watchever \u00fcbersehen. Auf den ersten Blick scheint die Handlung langweilig zu sein. Ein (noch) junger Mann sucht nach einem Job. Die Mutter seines Kindes will nichts mehr von ihm wissen, weil er es einfach nicht\u2026","rel":"","context":"In &quot;allgemein&quot;","block_context":{"text":"allgemein","link":"https:\/\/news.lamprecht.net\/index.php\/category\/stamm\/allgemein\/"},"img":{"alt_text":"4 von 5 Sternen","src":"https:\/\/i0.wp.com\/news.lamprecht.net\/wp-content\/uploads\/4-sterne.jpg?resize=350%2C200&ssl=1","width":350,"height":200},"classes":[]}],"_links":{"self":[{"href":"https:\/\/news.lamprecht.net\/index.php\/wp-json\/wp\/v2\/posts\/670","targetHints":{"allow":["GET"]}}],"collection":[{"href":"https:\/\/news.lamprecht.net\/index.php\/wp-json\/wp\/v2\/posts"}],"about":[{"href":"https:\/\/news.lamprecht.net\/index.php\/wp-json\/wp\/v2\/types\/post"}],"author":[{"embeddable":true,"href":"https:\/\/news.lamprecht.net\/index.php\/wp-json\/wp\/v2\/users\/2"}],"replies":[{"embeddable":true,"href":"https:\/\/news.lamprecht.net\/index.php\/wp-json\/wp\/v2\/comments?post=670"}],"version-history":[{"count":0,"href":"https:\/\/news.lamprecht.net\/index.php\/wp-json\/wp\/v2\/posts\/670\/revisions"}],"wp:attachment":[{"href":"https:\/\/news.lamprecht.net\/index.php\/wp-json\/wp\/v2\/media?parent=670"}],"wp:term":[{"taxonomy":"category","embeddable":true,"href":"https:\/\/news.lamprecht.net\/index.php\/wp-json\/wp\/v2\/categories?post=670"},{"taxonomy":"post_tag","embeddable":true,"href":"https:\/\/news.lamprecht.net\/index.php\/wp-json\/wp\/v2\/tags?post=670"}],"curies":[{"name":"wp","href":"https:\/\/api.w.org\/{rel}","templated":true}]}}