{"id":580,"date":"2006-10-23T20:22:04","date_gmt":"2006-10-23T18:22:04","guid":{"rendered":"https:\/\/news.lamprecht.net\/index.php\/10\/23\/buch-182006-ian-macewan-abbitte\/"},"modified":"2006-10-23T20:22:04","modified_gmt":"2006-10-23T18:22:04","slug":"buch-182006-ian-macewan-abbitte","status":"publish","type":"post","link":"https:\/\/news.lamprecht.net\/index.php\/2006\/10\/23\/buch-182006-ian-macewan-abbitte\/","title":{"rendered":"Buch 18\/2006: Ian MacEwan &#8211; Abbitte"},"content":{"rendered":"<div class=\"goalentry\">\n<p>Was f\u00fcr ein Roman! Was Ian MacEwan auf 500 Seiten beschreibt, verst\u00f6rt und fesselt zugleich. Es ist fulminant geschrieben (ein Lob den \u00dcbersetzern), kurzum: ein literarisches Meisterwerk!<\/p>\n<p>Alles beginnt damit, dass die junge Briony, die Literatin werden m\u00f6chte, einen f\u00fcr ihre Schwester bestimmten Brief \u00f6ffnet und am Abend des minuti\u00f6s geschilderten Sommertags ihre Schwester beim Liebesspiel in der Bibliothek \u00fcberrascht. Mit einer Falschaussage l\u00e4dt das junge M\u00e4dchen Schuld auf sich und greift in das Leben dreier Menschen ein.<\/p>\n<p>Zu diesem Zeitpunkt hat die Handlung aber bereits zu galoppieren begonnen. Man begegnet den Protagonisten zum Zeitpunkt des Wunders von D\u00fcnkirchen wieder&#8230;<\/p>\n<p>Unbedingt lesen!!!<\/p>\n<\/div>\n<div class=\"goalprogresslink\">See more progress on: <a href=\"http:\/\/www.43things.com\/people\/progress\/SLamprecht?on=1613428\">read 30 books in 2006<\/a><\/div>\n","protected":false},"excerpt":{"rendered":"<p>Was f\u00fcr ein Roman! Was Ian MacEwan auf 500 Seiten beschreibt, verst\u00f6rt und fesselt zugleich. Es ist fulminant geschrieben (ein Lob den \u00dcbersetzern), kurzum: ein literarisches Meisterwerk! Alles beginnt damit, dass die junge Briony, die Literatin werden m\u00f6chte, einen f\u00fcr ihre Schwester bestimmten Brief \u00f6ffnet und am Abend des minuti\u00f6s geschilderten Sommertags ihre Schwester beim &hellip; <\/p>\n<p class=\"link-more\"><a href=\"https:\/\/news.lamprecht.net\/index.php\/2006\/10\/23\/buch-182006-ian-macewan-abbitte\/\" class=\"more-link\"><span class=\"screen-reader-text\">\u201eBuch 18\/2006: Ian MacEwan &#8211; Abbitte\u201c <\/span>weiterlesen<\/a><\/p>\n","protected":false},"author":2,"featured_media":0,"comment_status":"open","ping_status":"open","sticky":false,"template":"","format":"aside","meta":{"advanced_seo_description":"","jetpack_seo_html_title":"","jetpack_seo_noindex":false,"_jetpack_memberships_contains_paid_content":false,"footnotes":"","jetpack_publicize_message":"","jetpack_publicize_feature_enabled":true,"jetpack_social_post_already_shared":false,"jetpack_social_options":{"image_generator_settings":{"template":"highway","default_image_id":0,"font":"","enabled":false},"version":2}},"categories":[1],"tags":[336],"class_list":["post-580","post","type-post","status-publish","format-aside","hentry","category-allgemein","tag-allgemein","post_format-post-format-aside"],"wppr_data":[],"jetpack_publicize_connections":[],"jetpack_featured_media_url":"","jetpack_shortlink":"https:\/\/wp.me\/pOKED-9m","jetpack_sharing_enabled":true,"jetpack-related-posts":[{"id":1784,"url":"https:\/\/news.lamprecht.net\/index.php\/2010\/02\/22\/doit-im-aufgabenmanagement-mit-gtd\/","url_meta":{"origin":580,"position":0},"title":"Doit.im &#8211; Aufgabenmanagement mit GTD","author":"Stephan Lamprecht, Ahrensburg","date":"22\/2\/2010","format":"aside","excerpt":"Mit Doit.im gibt es eine weitere Software, die Ihnen bei der Erledigung Ihrer Aufgaben nach dem Prinzip des GTD helfen will. Das Programm ist f\u00fcr Adobe Air geschrieben und steht damit auf allen Plattformen zur Verf\u00fcgung, f\u00fcr die das Runtime angeboten wird. Nach dem Download unter http:\/\/www.doit.im\/ er\u00f6ffnen Sie am\u2026","rel":"","context":"In &quot;allgemein&quot;","block_context":{"text":"allgemein","link":"https:\/\/news.lamprecht.net\/index.php\/category\/stamm\/allgemein\/"},"img":{"alt_text":"","src":"https:\/\/i0.wp.com\/news.lamprecht.net\/wp-content\/uploads\/doit-small.jpg?resize=350%2C200&ssl=1","width":350,"height":200},"classes":[]},{"id":117,"url":"https:\/\/news.lamprecht.net\/index.php\/2005\/04\/01\/viola-roggenkamp-familienleben\/","url_meta":{"origin":580,"position":1},"title":"Viola Roggenkamp: Familienleben","author":"Stephan Lamprecht, Ahrensburg","date":"1\/4\/2005","format":"aside","excerpt":"Ich habe dieser Tage das wunderbare Buch \"Familienleben\" von Viola Roggenkamp beendet. Die bekannte Publizistin stellt damit ihren ersten Roman vor. Vorweg: Das Deb\u00fct in diesem Genre ist vollkommen gelungen. Mit viel Witz erz\u00e4hlt die Autorin das Familienleben eines j\u00fcdischen Frauenhaushalts im Hamburg der 60er Jahre. Alma Schiefer ist das\u2026","rel":"","context":"In \"Lekt\u00fcre\"","block_context":{"text":"Lekt\u00fcre","link":"https:\/\/news.lamprecht.net\/index.php\/tag\/lektuere\/"},"img":{"alt_text":"","src":"","width":0,"height":0},"classes":[]},{"id":1116,"url":"https:\/\/news.lamprecht.net\/index.php\/2008\/09\/01\/mit-screensteps-pro-schnell-zu-anleitungen-und-tutorials\/","url_meta":{"origin":580,"position":2},"title":"Mit ScreenSteps Pro schnell zu Anleitungen und Tutorials","author":"Stephan Lamprecht, Ahrensburg","date":"1\/9\/2008","format":"aside","excerpt":"Gerade bei Anleitungen f\u00fcr Websites oder Softwareprogrammen sagen Bilder oft mehr als Beschreibungen. Doch einfache Bildschirmfotos wiederum reichen meist nicht aus, um einen Sachverhalt auch nutzbringend darzustellen. Mit einem bebilderten Tutorial zeigen Sie dem Leser, was er zu tun hat. Ein Programm, das Ihnen die Zusammenstellung eines Tutorials erleichtern will,\u2026","rel":"","context":"In \"Software\"","block_context":{"text":"Software","link":"https:\/\/news.lamprecht.net\/index.php\/tag\/software\/"},"img":{"alt_text":"tutorial titel","src":"https:\/\/i0.wp.com\/news.lamprecht.net\/wp-content\/images\/tutorial_titel-20080831174552.jpg?resize=350%2C200&ssl=1","width":350,"height":200},"classes":[]},{"id":470,"url":"https:\/\/news.lamprecht.net\/index.php\/2006\/05\/19\/von-uberall-auf-ihre-virtuellen-postits-zugreifen\/","url_meta":{"origin":580,"position":3},"title":"Von \u00fcberall auf Ihre virtuellen PostIts zugreifen","author":"Stephan Lamprecht, Ahrensburg","date":"19\/5\/2006","format":"aside","excerpt":"Sparsam eingesetzt sind die Haftnotizzettel schon eine praktische Sache. Wahrscheinlich werden die elektronischen Pendants die Originale niemals vollst\u00e4ndig ersetzen, aber jeder PIM bietet heute einen in Bereich f\u00fcr kurze Niederschriften, wobei die Optik durchweg den PostIts nachempfunden ist. Mit Posticky befindet sich derzeit ein Service im Alphatest, der dem Nutzer\u2026","rel":"","context":"In \"Bookmarks\"","block_context":{"text":"Bookmarks","link":"https:\/\/news.lamprecht.net\/index.php\/tag\/bookmarks\/"},"img":{"alt_text":"Oberfl\u00e4che Posticky","src":"https:\/\/i0.wp.com\/news.lamprecht.net\/wp-content\/images\/thumb-poststicky.jpg?resize=350%2C200&ssl=1","width":350,"height":200},"classes":[]},{"id":3815,"url":"https:\/\/news.lamprecht.net\/index.php\/2025\/12\/25\/mein-lektuerejahr-2025\/","url_meta":{"origin":580,"position":4},"title":"Mein Lekt\u00fcrejahr 2025","author":"Stephan Lamprecht, Ahrensburg","date":"25\/12\/2025","format":false,"excerpt":"Zeit f\u00fcr den Jahresr\u00fcckblick der B\u00fccher, die ich 2025 gelesen habe.","rel":"","context":"In &quot;allgemein&quot;","block_context":{"text":"allgemein","link":"https:\/\/news.lamprecht.net\/index.php\/category\/stamm\/allgemein\/"},"img":{"alt_text":"lekt\u00fcre-2025","src":"https:\/\/i0.wp.com\/news.lamprecht.net\/wp-content\/uploads\/lektuere-2025-header.jpg?fit=1200%2C675&ssl=1&resize=350%2C200","width":350,"height":200,"srcset":"https:\/\/i0.wp.com\/news.lamprecht.net\/wp-content\/uploads\/lektuere-2025-header.jpg?fit=1200%2C675&ssl=1&resize=350%2C200 1x, https:\/\/i0.wp.com\/news.lamprecht.net\/wp-content\/uploads\/lektuere-2025-header.jpg?fit=1200%2C675&ssl=1&resize=525%2C300 1.5x, https:\/\/i0.wp.com\/news.lamprecht.net\/wp-content\/uploads\/lektuere-2025-header.jpg?fit=1200%2C675&ssl=1&resize=700%2C400 2x, https:\/\/i0.wp.com\/news.lamprecht.net\/wp-content\/uploads\/lektuere-2025-header.jpg?fit=1200%2C675&ssl=1&resize=1050%2C600 3x"},"classes":[]},{"id":1281,"url":"https:\/\/news.lamprecht.net\/index.php\/2009\/02\/23\/ein-alternativer-programmstarter-fur-vista\/","url_meta":{"origin":580,"position":5},"title":"Ein alternativer Programmstarter f\u00fcr Vista","author":"Stephan Lamprecht, Ahrensburg","date":"23\/2\/2009","format":"aside","excerpt":"Das Startmen\u00fc von Vista ist seinen Vorg\u00e4ngern, vor allem dem aus Windows XP deutlich \u00fcberlegen. Schon allein die Suchfunktionen, die einem erm\u00f6glichen, schnell das Programm zu finden, das ben\u00f6tigt wird, erh\u00f6hen die Produktivit\u00e4t. Wer unter XP nicht zu einem Starter wie Launchy greifen will, kann eine Alternative nutzen. Der Name\u2026","rel":"","context":"In &quot;allgemein&quot;","block_context":{"text":"allgemein","link":"https:\/\/news.lamprecht.net\/index.php\/category\/stamm\/allgemein\/"},"img":{"alt_text":"","src":"https:\/\/i0.wp.com\/news.lamprecht.net\/wp-content\/uploads\/startmenu-small.jpg?resize=350%2C200&ssl=1","width":350,"height":200},"classes":[]}],"_links":{"self":[{"href":"https:\/\/news.lamprecht.net\/index.php\/wp-json\/wp\/v2\/posts\/580","targetHints":{"allow":["GET"]}}],"collection":[{"href":"https:\/\/news.lamprecht.net\/index.php\/wp-json\/wp\/v2\/posts"}],"about":[{"href":"https:\/\/news.lamprecht.net\/index.php\/wp-json\/wp\/v2\/types\/post"}],"author":[{"embeddable":true,"href":"https:\/\/news.lamprecht.net\/index.php\/wp-json\/wp\/v2\/users\/2"}],"replies":[{"embeddable":true,"href":"https:\/\/news.lamprecht.net\/index.php\/wp-json\/wp\/v2\/comments?post=580"}],"version-history":[{"count":0,"href":"https:\/\/news.lamprecht.net\/index.php\/wp-json\/wp\/v2\/posts\/580\/revisions"}],"wp:attachment":[{"href":"https:\/\/news.lamprecht.net\/index.php\/wp-json\/wp\/v2\/media?parent=580"}],"wp:term":[{"taxonomy":"category","embeddable":true,"href":"https:\/\/news.lamprecht.net\/index.php\/wp-json\/wp\/v2\/categories?post=580"},{"taxonomy":"post_tag","embeddable":true,"href":"https:\/\/news.lamprecht.net\/index.php\/wp-json\/wp\/v2\/tags?post=580"}],"curies":[{"name":"wp","href":"https:\/\/api.w.org\/{rel}","templated":true}]}}