{"id":552,"date":"2006-10-09T04:30:22","date_gmt":"2006-10-09T02:30:22","guid":{"rendered":"https:\/\/news.lamprecht.net\/?p=552"},"modified":"2006-10-07T11:10:18","modified_gmt":"2006-10-07T09:10:18","slug":"willkommen-in-der-schillerstrase-ich-bekenne-mich-auch","status":"publish","type":"post","link":"https:\/\/news.lamprecht.net\/index.php\/2006\/10\/09\/willkommen-in-der-schillerstrase-ich-bekenne-mich-auch\/","title":{"rendered":"Willkommen in der Schillerstra\u00dfe &#8211; ich bekenne mich auch"},"content":{"rendered":"<p>O welch ein journalistisches und sprachliches Kleinod ist Hendrik Steinkuhl doch in das Ausgabe 49 der <a href=\"http:\/\/www.neuegegenwart.de\">Neuen Gegenwart<\/a> gelungen. Unter der hinrei\u00dfenden \u00dcberschrift \u00e2\u20ac\u017eCordula, du willst mit Ralf einen Swingerclub er\u00f6ffnen\u00e2\u20ac\u0153 schreibt er seine Gedanken rund um die Serie Schillerstra\u00dfe und der Comedy im deutschen Fernsehen auf. <\/p>\n<p>Den absoluten H\u00f6hepunkt aus meiner Sicht bildet aber diese Passage: <\/p>\n<blockquote><p>\n\u00e2\u20ac\u017e Ich habe bei \u00e2\u20ac\u017eSchillerstra\u00dfe\u00e2\u20ac\u0153 noch nicht ein einziges Mal gelacht. Nicht  ein Mal!  Aufrichtig habe ich versucht, mich auf die Sendung einzulassen. Und jedes Mal endete der Versuch wieder mit der Frage, welche Drogen man dem Saalpublikum gegeben haben muss, damit es sich bei jeder Belanglosigkeit vor Freude fast \u00fcbergibt.\u00e2\u20ac\u0153<\/p><\/blockquote>\n<p>Ich bin froh, nicht mehr allein zu sein. Aber <a href=\"http:\/\/www.neuegegenwart.de\/ausgabe49\/schillerstrasse.htm\">lesen Sie selbst<\/a>!<\/p>\n","protected":false},"excerpt":{"rendered":"<p>O welch ein journalistisches und sprachliches Kleinod ist Hendrik Steinkuhl doch in das Ausgabe 49 der Neuen Gegenwart gelungen. Unter der hinrei\u00dfenden \u00dcberschrift \u00e2\u20ac\u017eCordula, du willst mit Ralf einen Swingerclub er\u00f6ffnen\u00e2\u20ac\u0153 schreibt er seine Gedanken rund um die Serie Schillerstra\u00dfe und der Comedy im deutschen Fernsehen auf. Den absoluten H\u00f6hepunkt aus meiner Sicht bildet aber &hellip; <\/p>\n<p class=\"link-more\"><a href=\"https:\/\/news.lamprecht.net\/index.php\/2006\/10\/09\/willkommen-in-der-schillerstrase-ich-bekenne-mich-auch\/\" class=\"more-link\"><span class=\"screen-reader-text\">\u201eWillkommen in der Schillerstra\u00dfe &#8211; ich bekenne mich auch\u201c <\/span>weiterlesen<\/a><\/p>\n","protected":false},"author":2,"featured_media":0,"comment_status":"open","ping_status":"open","sticky":false,"template":"","format":"aside","meta":{"advanced_seo_description":"","jetpack_seo_html_title":"","jetpack_seo_noindex":false,"_jetpack_memberships_contains_paid_content":false,"footnotes":"","jetpack_publicize_message":"","jetpack_publicize_feature_enabled":true,"jetpack_social_post_already_shared":false,"jetpack_social_options":{"image_generator_settings":{"template":"highway","default_image_id":0,"font":"","enabled":false},"version":2}},"categories":[],"tags":[4],"class_list":["post-552","post","type-post","status-publish","format-aside","hentry","tag-marginalia","post_format-post-format-aside"],"wppr_data":[],"jetpack_publicize_connections":[],"jetpack_featured_media_url":"","jetpack_shortlink":"https:\/\/wp.me\/pOKED-8U","jetpack_sharing_enabled":true,"jetpack-related-posts":[{"id":2003,"url":"https:\/\/news.lamprecht.net\/index.php\/2010\/08\/30\/warum-ich-meinen-mac-liebe-und-trotzdem-ein-schlechtes-gefuhl-habe\/","url_meta":{"origin":552,"position":0},"title":"Warum ich meinen Mac liebe und trotzdem ein schlechtes Gef\u00fchl habe","author":"Stephan Lamprecht, Ahrensburg","date":"30\/8\/2010","format":"aside","excerpt":"Ich mag mein Macbook. Im Vergleich zu \u00e4hnlich teuren tragbaren Computern mit dem klassischen Plastikgeh\u00e4use anderer Hersteller, ist das Ger\u00e4t optisch und haptisch eine echte Sensation. Und der Kauf und das Auspacken (neudeutsch ja als \u00e2\u20ac\u017eUnboxing\u00e2\u20ac\u0153 bezeichnet) eines Apple Computer vermittelt das Gef\u00fchl eines Ritus und die Aufnahme in eine\u2026","rel":"","context":"In &quot;allgemein&quot;","block_context":{"text":"allgemein","link":"https:\/\/news.lamprecht.net\/index.php\/category\/stamm\/allgemein\/"},"img":{"alt_text":"","src":"","width":0,"height":0},"classes":[]},{"id":1841,"url":"https:\/\/news.lamprecht.net\/index.php\/2010\/04\/06\/diagnose-burnout-zwei-buchtipps\/","url_meta":{"origin":552,"position":1},"title":"Diagnose Burnout: Zwei Buchtipps","author":"Stephan Lamprecht, Ahrensburg","date":"6\/4\/2010","format":"aside","excerpt":"Man f\u00fchlt sich schlapp und ausgelaugt. Ist h\u00e4ufiger als sonst krank und dann kommt der Zusammenbruch. So das g\u00e4ngige Klischee und die allgemeine Beschreibung eines Burnouts in den einschl\u00e4gigen Medien. Und tats\u00e4chlich: So ist es auch, wenn auch das unmittelbare Erleben ganz anders, viel st\u00e4rker und bedrohlicher ist, als sich\u2026","rel":"","context":"In &quot;allgemein&quot;","block_context":{"text":"allgemein","link":"https:\/\/news.lamprecht.net\/index.php\/category\/stamm\/allgemein\/"},"img":{"alt_text":"","src":"","width":0,"height":0},"classes":[]},{"id":2632,"url":"https:\/\/news.lamprecht.net\/index.php\/2014\/05\/21\/warum-netflix-in-deutschland-scheitern-wird\/","url_meta":{"origin":552,"position":2},"title":"Warum Netflix in Deutschland scheitern wird","author":"Stephan Lamprecht, Ahrensburg","date":"21\/5\/2014","format":false,"excerpt":"Wor\u00fcber seit Monaten spekuliert wurde, was seit einigen Wochen als gesichert schien, wurde jetzt offiziell vom Unternehmen best\u00e4tigt. Netflix kommt also nach Deutschland. Interessierte d\u00fcrfen sich jetzt schon einmal auf eine Warteliste eintragen, um \u00fcber den Start per Mail informiert zu werden. Netflix kommt also nach Deutschland. Die Frage lautet\u2026","rel":"","context":"In &quot;allgemein&quot;","block_context":{"text":"allgemein","link":"https:\/\/news.lamprecht.net\/index.php\/category\/stamm\/allgemein\/"},"img":{"alt_text":"","src":"","width":0,"height":0},"classes":[]},{"id":2936,"url":"https:\/\/news.lamprecht.net\/index.php\/2015\/07\/16\/e-commerce-zum-abgewoehnen-saeco-bei-notebooksbilliger-de\/","url_meta":{"origin":552,"position":3},"title":"E-Commerce zum Abgew\u00f6hnen &#8211; Saeco bei notebooksbilliger.de (3.Update)","author":"Stephan Lamprecht, Ahrensburg","date":"16\/7\/2015","format":false,"excerpt":"Vor knapp 12 Monaten war es mal wieder so weit. Ein neuer Kaffeevollautomat musste her. Kein neues Modell, aber unsere bisher intensiv genutzte Saeco Royal Cappuccino sollte zugunsten eines j\u00fcngeren Ger\u00e4ts Platz schaffen. Die beiden Parameter Preis und Verf\u00fcgbarkeit entschied nach einiger Recherche das Unternehmen Notebooksbilliger.de f\u00fcr sich. Zur Abwicklung\u2026","rel":"","context":"In &quot;allgemein&quot;","block_context":{"text":"allgemein","link":"https:\/\/news.lamprecht.net\/index.php\/category\/stamm\/allgemein\/"},"img":{"alt_text":"","src":"","width":0,"height":0},"classes":[]},{"id":3531,"url":"https:\/\/news.lamprecht.net\/index.php\/2018\/03\/30\/surface-pro-im-journalisten-alltag\/","url_meta":{"origin":552,"position":4},"title":"Surface Pro im Journalisten-Alltag","author":"Stephan Lamprecht, Ahrensburg","date":"30\/3\/2018","format":false,"excerpt":"Seit einigen Jahren ist der Mac meine bevorzugte Arbeitsumgebung. Als Technik-Schreiber brauche ich aber auch regelm\u00e4\u00dfig einen Windows-Rechner, um Sachen auszuprobieren. Nachdem der letzte Rechenknecht von Asus dank Windows 10 qu\u00e4lend langsam wurde, stand eine Neuerwerbung an. Und wenn man sich erst einmal eine Weile an Optik und Haptik eines\u2026","rel":"","context":"In &quot;allgemein&quot;","block_context":{"text":"allgemein","link":"https:\/\/news.lamprecht.net\/index.php\/category\/stamm\/allgemein\/"},"img":{"alt_text":"","src":"","width":0,"height":0},"classes":[]},{"id":708,"url":"https:\/\/news.lamprecht.net\/index.php\/2007\/03\/06\/juli-zeh-spieltrieb\/","url_meta":{"origin":552,"position":5},"title":"Juli Zeh: Spieltrieb","author":"Stephan Lamprecht, Ahrensburg","date":"6\/3\/2007","format":"aside","excerpt":"Schon l\u00e4ngere Zeit lag \u00e2\u20ac\u017eSpieltrieb\u00e2\u20ac\u0153 auf meinem SUB (Stapel Ungelesener B\u00fccher) und wartete darauf, mit Aufmerksamkeit bedacht zu werden. Nun habe ich es endlich gelesen. Der Leser der Rezensionen und Klappentexte erstarrt zun\u00e4chst fast in Ehrfurcht. Zwei Dickschiffe des Feuilletons \u00e2\u20ac\u017eSpiegel\u00e2\u20ac\u0153 und \u00e2\u20ac\u017eZeit\u00e2\u20ac\u0153 \u00fcberschlagen sich fast des Lobes. Mein klares\u2026","rel":"","context":"In \"Lekt\u00fcre\"","block_context":{"text":"Lekt\u00fcre","link":"https:\/\/news.lamprecht.net\/index.php\/tag\/lektuere\/"},"img":{"alt_text":"","src":"","width":0,"height":0},"classes":[]}],"_links":{"self":[{"href":"https:\/\/news.lamprecht.net\/index.php\/wp-json\/wp\/v2\/posts\/552","targetHints":{"allow":["GET"]}}],"collection":[{"href":"https:\/\/news.lamprecht.net\/index.php\/wp-json\/wp\/v2\/posts"}],"about":[{"href":"https:\/\/news.lamprecht.net\/index.php\/wp-json\/wp\/v2\/types\/post"}],"author":[{"embeddable":true,"href":"https:\/\/news.lamprecht.net\/index.php\/wp-json\/wp\/v2\/users\/2"}],"replies":[{"embeddable":true,"href":"https:\/\/news.lamprecht.net\/index.php\/wp-json\/wp\/v2\/comments?post=552"}],"version-history":[{"count":0,"href":"https:\/\/news.lamprecht.net\/index.php\/wp-json\/wp\/v2\/posts\/552\/revisions"}],"wp:attachment":[{"href":"https:\/\/news.lamprecht.net\/index.php\/wp-json\/wp\/v2\/media?parent=552"}],"wp:term":[{"taxonomy":"category","embeddable":true,"href":"https:\/\/news.lamprecht.net\/index.php\/wp-json\/wp\/v2\/categories?post=552"},{"taxonomy":"post_tag","embeddable":true,"href":"https:\/\/news.lamprecht.net\/index.php\/wp-json\/wp\/v2\/tags?post=552"}],"curies":[{"name":"wp","href":"https:\/\/api.w.org\/{rel}","templated":true}]}}