{"id":51,"date":"2005-03-05T16:59:31","date_gmt":"2005-03-05T15:59:31","guid":{"rendered":"https:\/\/news.lamprecht.net\/?p=51"},"modified":"2005-03-05T16:59:31","modified_gmt":"2005-03-05T15:59:31","slug":"achten-sie-auf-ihre-mittagspause","status":"publish","type":"post","link":"https:\/\/news.lamprecht.net\/index.php\/2005\/03\/05\/achten-sie-auf-ihre-mittagspause\/","title":{"rendered":"Achten Sie auf Ihre Mittagspause"},"content":{"rendered":"<p>Manche Tage verleiten gerade dazu, auf die Mittagspause zu verzichten, eben schnell einen Snack w\u00e4hrend der Arbeit zu essen oder sogar diesen wegzulassen, um sich weiter der Arbeit zu widmen. Ich habe dies lange, lange Zeit ebenfalls getan. Nach meiner bescheidenen Meinung nach, sollten Sie dies keinesfalls tun. Seitdem ich konsequent Mittags meine Pause auch wirklich nehme (und Kollegen diese Zeit nicht einfach durch Termineinladungen f\u00fcr sich Besprechungen in Anspruch nehmen, was ich durch das Blocken dieser Zeit in unserer Groupwarel\u00f6sung zu verhindern siche), arbeite ich viel produktiver!<\/p>\n<p>Die Mittagspause ist f\u00fcr mich nicht nur die Zeit der Nahrungsaufnahme. Ich verlasse dazu meist auch das B\u00fcro. Zeit f\u00fcr mich selbst, Zeit \u00fcber neue Ideen und Projekte nachzudenken, ein bestehendes Problem mit etwas Abstand zu beleuchten oder auch neue Eindr\u00fccke w\u00e4hrend eines Spaziergangs zu gewinnen. Probieren Sie es einfach mal aus, vielleicht erleben Sie auch Sie eine Steigerung des eigenen Wohlbefindens und Ihrer t\u00e4glichen Produktivit\u00e4t!<\/p>\n","protected":false},"excerpt":{"rendered":"<p>Manche Tage verleiten gerade dazu, auf die Mittagspause zu verzichten, eben schnell einen Snack w\u00e4hrend der Arbeit zu essen oder sogar diesen wegzulassen, um sich weiter der Arbeit zu widmen. Ich habe dies lange, lange Zeit ebenfalls getan. Nach meiner bescheidenen Meinung nach, sollten Sie dies keinesfalls tun. Seitdem ich konsequent Mittags meine Pause auch &hellip; <\/p>\n<p class=\"link-more\"><a href=\"https:\/\/news.lamprecht.net\/index.php\/2005\/03\/05\/achten-sie-auf-ihre-mittagspause\/\" class=\"more-link\"><span class=\"screen-reader-text\">\u201eAchten Sie auf Ihre Mittagspause\u201c <\/span>weiterlesen<\/a><\/p>\n","protected":false},"author":2,"featured_media":0,"comment_status":"open","ping_status":"","sticky":false,"template":"","format":"aside","meta":{"advanced_seo_description":"","jetpack_seo_html_title":"","jetpack_seo_noindex":false,"_jetpack_memberships_contains_paid_content":false,"footnotes":"","jetpack_publicize_message":"","jetpack_publicize_feature_enabled":true,"jetpack_social_post_already_shared":false,"jetpack_social_options":{"image_generator_settings":{"template":"highway","default_image_id":0,"font":"","enabled":false},"version":2}},"categories":[],"tags":[10],"class_list":["post-51","post","type-post","status-publish","format-aside","hentry","tag-selbstmanagement","post_format-post-format-aside"],"wppr_data":[],"jetpack_publicize_connections":[],"jetpack_featured_media_url":"","jetpack_shortlink":"https:\/\/wp.me\/pOKED-P","jetpack_sharing_enabled":true,"jetpack-related-posts":[{"id":770,"url":"https:\/\/news.lamprecht.net\/index.php\/2007\/06\/18\/iscrybe-im-langzeittest\/","url_meta":{"origin":51,"position":0},"title":"IScrybe im Langzeittest","author":"Stephan Lamprecht, Ahrensburg","date":"18\/6\/2007","format":"aside","excerpt":"Immer wieder stelle ich an dieser Stelle Online-Werkzeuge f\u00fcr das Zeit- und Selbstmanagement vor, die oftmals einen viel, h\u00e4ufig aber auch einen wenig versprechenden Eindruck machen. Deswegen unterziehe ich in loser Folge das eine oder andere Angebot einem l\u00e4ngeren Praxistest. Den Anfang bildet IScrybe, mit dem ich mich in den\u2026","rel":"","context":"In \"Selbstmanagement\"","block_context":{"text":"Selbstmanagement","link":"https:\/\/news.lamprecht.net\/index.php\/tag\/selbstmanagement\/"},"img":{"alt_text":"","src":"","width":0,"height":0},"classes":[]},{"id":3608,"url":"https:\/\/news.lamprecht.net\/index.php\/2019\/04\/13\/rezension-bissel-crosswave-pet-pro\/","url_meta":{"origin":51,"position":1},"title":"Dinge, die funktionieren: Bissel Crosswave Pet Pro","author":"Stephan Lamprecht, Ahrensburg","date":"13\/4\/2019","format":false,"excerpt":"An dieser Stelle stelle ich in loser Folge ein paar Ger\u00e4te und Dinge vor, die ich gern zur Hand nehme, die ihre Aufgabe perfekt erledigen oder mich mit ihrem Design begeistern. Den Anfang macht der\u00a0Crosswave Pet Pro von Bissel. Das Ger\u00e4t ist ein Bodenreiniger. Wenn ich ihn Wasch- oder Nasssauger\u2026","rel":"","context":"In &quot;allgemein&quot;","block_context":{"text":"allgemein","link":"https:\/\/news.lamprecht.net\/index.php\/category\/stamm\/allgemein\/"},"img":{"alt_text":"","src":"https:\/\/i0.wp.com\/news.lamprecht.net\/wp-content\/uploads\/bissel-02.jpg?fit=1200%2C954&ssl=1&resize=350%2C200","width":350,"height":200,"srcset":"https:\/\/i0.wp.com\/news.lamprecht.net\/wp-content\/uploads\/bissel-02.jpg?fit=1200%2C954&ssl=1&resize=350%2C200 1x, https:\/\/i0.wp.com\/news.lamprecht.net\/wp-content\/uploads\/bissel-02.jpg?fit=1200%2C954&ssl=1&resize=525%2C300 1.5x, https:\/\/i0.wp.com\/news.lamprecht.net\/wp-content\/uploads\/bissel-02.jpg?fit=1200%2C954&ssl=1&resize=700%2C400 2x, https:\/\/i0.wp.com\/news.lamprecht.net\/wp-content\/uploads\/bissel-02.jpg?fit=1200%2C954&ssl=1&resize=1050%2C600 3x"},"classes":[]},{"id":3836,"url":"https:\/\/news.lamprecht.net\/index.php\/2026\/04\/03\/vom-software-zoo-zur-werkzeugkiste-mein-aktuelles-setup\/","url_meta":{"origin":51,"position":2},"title":"Vom Software-Zoo zur Werkzeugkiste: Mein aktuelles Setup","author":"Stephan Lamprecht, Ahrensburg","date":"3\/4\/2026","format":false,"excerpt":"Lange habe ich nichts \u00fcber meine Arbeitstools geschrieben. Zeit f\u00fcr ein Update, denn fast alles hat sich ver\u00e4ndert. Hardware Mein aktueller Hauptrechner ist ein Mac Mini mit M4-Prozessor und gro\u00dfer SSD. Der Vorg\u00e4nger lief noch tadellos und war schnell genug. Aber der kompakte Formfaktor hat mich gereizt, also habe ich\u2026","rel":"","context":"In &quot;allgemein&quot;","block_context":{"text":"allgemein","link":"https:\/\/news.lamprecht.net\/index.php\/category\/stamm\/allgemein\/"},"img":{"alt_text":"Meine Tools","src":"https:\/\/i0.wp.com\/news.lamprecht.net\/wp-content\/uploads\/header-tools.png?fit=1200%2C675&ssl=1&resize=350%2C200","width":350,"height":200,"srcset":"https:\/\/i0.wp.com\/news.lamprecht.net\/wp-content\/uploads\/header-tools.png?fit=1200%2C675&ssl=1&resize=350%2C200 1x, https:\/\/i0.wp.com\/news.lamprecht.net\/wp-content\/uploads\/header-tools.png?fit=1200%2C675&ssl=1&resize=525%2C300 1.5x, https:\/\/i0.wp.com\/news.lamprecht.net\/wp-content\/uploads\/header-tools.png?fit=1200%2C675&ssl=1&resize=700%2C400 2x, https:\/\/i0.wp.com\/news.lamprecht.net\/wp-content\/uploads\/header-tools.png?fit=1200%2C675&ssl=1&resize=1050%2C600 3x"},"classes":[]},{"id":153,"url":"https:\/\/news.lamprecht.net\/index.php\/2005\/05\/02\/linux-patenschaften-an-und-fur-sich\/","url_meta":{"origin":51,"position":3},"title":"Linux Patenschaften an und f\u00fcr sich","author":"Stephan Lamprecht, Ahrensburg","date":"2\/5\/2005","format":"aside","excerpt":"Kennen Sie schon die \"Linuxpaten\":http:\/\/www.linuxpaten.org ? An und f\u00fcr sich eine gute Idee. Erfahrene Linuxanwender helfen Einsteigern, sich in der Welt des freien Betriebssystems besser zurecht zu finden. Auch ich habe mich nach den einladenden Worten auf der Homepage des Projekts als Pate eingetragen. Es dauert auch nicht lange, und\u2026","rel":"","context":"In \"Linux\"","block_context":{"text":"Linux","link":"https:\/\/news.lamprecht.net\/index.php\/tag\/linux\/"},"img":{"alt_text":"","src":"","width":0,"height":0},"classes":[]},{"id":1528,"url":"https:\/\/news.lamprecht.net\/index.php\/2009\/07\/27\/the-big-picture-erfrischend-neuer-ansatz-furs-projektmanagement\/","url_meta":{"origin":51,"position":4},"title":"The Big Picture &#8211; erfrischend neuer Ansatz f\u00fcrs Projektmanagement","author":"Stephan Lamprecht, Ahrensburg","date":"27\/7\/2009","format":"aside","excerpt":"Um Projekte zu planen, ist nicht immer sofort eine Software wie Onepoint, MS Project oder auch OpenProj n\u00f6tig. In erster Linie ist, abseits der \u00fcblichen systemkonformen Definitionen, ein Projekt zun\u00e4chst einmal ein Plan zur Erledigung zahlreicher Aufgaben. Davon ist ein Projekt aus Ihrer pers\u00f6nlichen Einsch\u00e4tzung wichtiger als ein anderes und\u2026","rel":"","context":"In &quot;allgemein&quot;","block_context":{"text":"allgemein","link":"https:\/\/news.lamprecht.net\/index.php\/category\/stamm\/allgemein\/"},"img":{"alt_text":"","src":"https:\/\/i0.wp.com\/news.lamprecht.net\/wp-content\/uploads\/big-picture-2-small.jpg?resize=350%2C200&ssl=1","width":350,"height":200},"classes":[]},{"id":1067,"url":"https:\/\/news.lamprecht.net\/index.php\/2008\/06\/26\/wissen-wo-ihre-zeit-bleibt-rescuetime\/","url_meta":{"origin":51,"position":5},"title":"Wissen wo Ihre Zeit bleibt! RescueTime","author":"Stephan Lamprecht, Ahrensburg","date":"26\/6\/2008","format":"aside","excerpt":"Sie wollen Zeitdieben auf die Spur kommen? Oder brauchen einen Anhaltspunkt, wie lange Sie f\u00fcr eine Projektarbeit ben\u00f6tigen? Mit RescueTime gehen Sie beiden Fragestellungen auf den Grund. Er\u00f6ffnen Sie dort zun\u00e4chst ein kostenloses Benutzerkonto. Im n\u00e4chsten Schritt laden Sie sich ein kleines Tool auf den Rechner, das offiziell f\u00fcr Windows\u2026","rel":"","context":"In \"Selbstmanagement\"","block_context":{"text":"Selbstmanagement","link":"https:\/\/news.lamprecht.net\/index.php\/tag\/selbstmanagement\/"},"img":{"alt_text":"rescue1","src":"https:\/\/i0.wp.com\/news.lamprecht.net\/wp-content\/images\/rescue1-small-20080622111942.jpg?resize=350%2C200&ssl=1","width":350,"height":200},"classes":[]}],"_links":{"self":[{"href":"https:\/\/news.lamprecht.net\/index.php\/wp-json\/wp\/v2\/posts\/51","targetHints":{"allow":["GET"]}}],"collection":[{"href":"https:\/\/news.lamprecht.net\/index.php\/wp-json\/wp\/v2\/posts"}],"about":[{"href":"https:\/\/news.lamprecht.net\/index.php\/wp-json\/wp\/v2\/types\/post"}],"author":[{"embeddable":true,"href":"https:\/\/news.lamprecht.net\/index.php\/wp-json\/wp\/v2\/users\/2"}],"replies":[{"embeddable":true,"href":"https:\/\/news.lamprecht.net\/index.php\/wp-json\/wp\/v2\/comments?post=51"}],"version-history":[{"count":0,"href":"https:\/\/news.lamprecht.net\/index.php\/wp-json\/wp\/v2\/posts\/51\/revisions"}],"wp:attachment":[{"href":"https:\/\/news.lamprecht.net\/index.php\/wp-json\/wp\/v2\/media?parent=51"}],"wp:term":[{"taxonomy":"category","embeddable":true,"href":"https:\/\/news.lamprecht.net\/index.php\/wp-json\/wp\/v2\/categories?post=51"},{"taxonomy":"post_tag","embeddable":true,"href":"https:\/\/news.lamprecht.net\/index.php\/wp-json\/wp\/v2\/tags?post=51"}],"curies":[{"name":"wp","href":"https:\/\/api.w.org\/{rel}","templated":true}]}}