{"id":494,"date":"2006-06-28T01:00:44","date_gmt":"2006-06-27T23:00:44","guid":{"rendered":"https:\/\/news.lamprecht.net\/?p=494"},"modified":"2006-06-28T05:23:37","modified_gmt":"2006-06-28T03:23:37","slug":"fachinformationsdienst-fur-openoffice-gestartet","status":"publish","type":"post","link":"https:\/\/news.lamprecht.net\/index.php\/2006\/06\/28\/fachinformationsdienst-fur-openoffice-gestartet\/","title":{"rendered":"Fachinformationsdienst f\u00fcr OpenOffice gestartet"},"content":{"rendered":"<p><img data-recalc-dims=\"1\" loading=\"lazy\" decoding=\"async\" src=\"https:\/\/i0.wp.com\/news.lamprecht.net\/wp-content\/images\/openimpuls.jpg?resize=284%2C106&#038;ssl=1\" width=\"284\" height=\"106\" alt=\"Logo OpenImpuls.de\" align=\"left\" \/> <a href=\"http:\/\/www.openimpulse.de\">Openimpuls<\/a> ist der Name eines neuen, kostenpflichtigen Informationsdienstes rund um OpenOffice \/ StarOffice. Die Publikation wird ausschlie\u00dflich online vertrieben. F\u00fcr 2,49\u00e2\u201a\u00ac pro Ausgabe erh\u00e4lt der Leser dann einmal w\u00f6chentlich seine aktuelle Ausgabe automatisch per E-Mail, wahlweise als PDF oder HTML. <\/p>\n<p>Die Kollegen um David Dangel suchen derzeit allerdings offensichtlich noch nach der Form des Angebots, denn bisher gehen die Artikel und Tipps nicht \u00fcber die ohnehin kostenlos verf\u00fcgbaren Tutorials des OpenOffice-Projekts hinaus. Damit fallen Einsteigern sicherlich die ersten Schritte leichter, Fortgeschrittene finden f\u00fcr den Preis aber einfach noch zu wenig Inhalte. Anerkennenswert ist es dennoch, dass sich ein Verlag wie VNR nun eines solchen Themas annimmt.<\/p>\n","protected":false},"excerpt":{"rendered":"<p>Openimpuls ist der Name eines neuen, kostenpflichtigen Informationsdienstes rund um OpenOffice \/ StarOffice. Die Publikation wird ausschlie\u00dflich online vertrieben. F\u00fcr 2,49\u00e2\u201a\u00ac pro Ausgabe erh\u00e4lt der Leser dann einmal w\u00f6chentlich seine aktuelle Ausgabe automatisch per E-Mail, wahlweise als PDF oder HTML. Die Kollegen um David Dangel suchen derzeit allerdings offensichtlich noch nach der Form des Angebots, &hellip; <\/p>\n<p class=\"link-more\"><a href=\"https:\/\/news.lamprecht.net\/index.php\/2006\/06\/28\/fachinformationsdienst-fur-openoffice-gestartet\/\" class=\"more-link\"><span class=\"screen-reader-text\">\u201eFachinformationsdienst f\u00fcr OpenOffice gestartet\u201c <\/span>weiterlesen<\/a><\/p>\n","protected":false},"author":2,"featured_media":0,"comment_status":"open","ping_status":"open","sticky":false,"template":"","format":"aside","meta":{"advanced_seo_description":"","jetpack_seo_html_title":"","jetpack_seo_noindex":false,"_jetpack_memberships_contains_paid_content":false,"footnotes":"","jetpack_publicize_message":"","jetpack_publicize_feature_enabled":true,"jetpack_social_post_already_shared":false,"jetpack_social_options":{"image_generator_settings":{"template":"highway","default_image_id":0,"font":"","enabled":false},"version":2}},"categories":[],"tags":[3,9],"class_list":["post-494","post","type-post","status-publish","format-aside","hentry","tag-lektuere","tag-openoffice","post_format-post-format-aside"],"wppr_data":[],"jetpack_publicize_connections":[],"jetpack_featured_media_url":"","jetpack_shortlink":"https:\/\/wp.me\/pOKED-7Y","jetpack_sharing_enabled":true,"jetpack-related-posts":[{"id":1209,"url":"https:\/\/news.lamprecht.net\/index.php\/2008\/12\/31\/die-krise-bei-openoffice\/","url_meta":{"origin":494,"position":0},"title":"Die &#8220;Krise&#8221; bei OpenOffice","author":"Stephan Lamprecht, Ahrensburg","date":"31\/12\/2008","format":"aside","excerpt":"In den vergangenen Tagen geisterte durch die einschl\u00e4gigen IT-Gazetten eine Einsch\u00e4tzung des Entwicklers Michael Meeks zur Lage bei OpenOffice. Ihn beunruhigt insbesondere der R\u00fcckgang der aktiven Programmierer und ein schleichender R\u00fcckzug von Sun. Je nun. Ich bin innerhalb des Projekts nicht engagiert, sondern beobachte es mit journalistischer Neugier und gehe\u2026","rel":"","context":"In &quot;allgemein&quot;","block_context":{"text":"allgemein","link":"https:\/\/news.lamprecht.net\/index.php\/category\/stamm\/allgemein\/"},"img":{"alt_text":"","src":"","width":0,"height":0},"classes":[]},{"id":2033,"url":"https:\/\/news.lamprecht.net\/index.php\/2010\/12\/15\/kostenpflichtiges-oracle-open-office-3-3-veroffentlicht-ich-bin-nicht-dabei\/","url_meta":{"origin":494,"position":1},"title":"Kostenpflichtiges Oracle Open Office 3.3 ver\u00f6ffentlicht &#8211; ich bin nicht dabei","author":"Stephan Lamprecht, Ahrensburg","date":"15\/12\/2010","format":"aside","excerpt":"Kostenpflichtiges Oracle Open Office 3.3 ver\u00f6ffentlicht Oracle hat seine Office-Suites Open Office 3.3 und das webbasierte Oracle Cloud Office in der Version 1.0 ver\u00f6ffentlicht. Oracle Open Office kann ab sofort zu Preisen ab 39 Euro erworben werden, die freie Version der Office-Suite steht noch nicht zum Download bereit.[From Openoffice.org: Kostenpflichtiges\u2026","rel":"","context":"In &quot;allgemein&quot;","block_context":{"text":"allgemein","link":"https:\/\/news.lamprecht.net\/index.php\/category\/stamm\/allgemein\/"},"img":{"alt_text":"","src":"","width":0,"height":0},"classes":[]},{"id":319,"url":"https:\/\/news.lamprecht.net\/index.php\/2005\/09\/28\/star-office-8-ist-da-mein-erster-eindruck\/","url_meta":{"origin":494,"position":2},"title":"Star Office 8 ist da &#8211; mein erster Eindruck","author":"Stephan Lamprecht, Ahrensburg","date":"28\/9\/2005","format":"aside","excerpt":"Seit gestern ist StarOffice 8 offiziell verf\u00fcgbar. Da OpenOffice 2.0 sich noch im Stadium eines Releasekandidaten befindet, basiert die kommerzielle Variante also auf einer fr\u00fcheren Version. Ich habe mir gleich die aktuelle Version einmal f\u00fcr Sie angesehen. Kauf und Installation Entgegen seiner bisherigen Gepflogenheiten bietet Sun diese Version auch in\u2026","rel":"","context":"In \"OpenOffice\"","block_context":{"text":"OpenOffice","link":"https:\/\/news.lamprecht.net\/index.php\/tag\/openoffice\/"},"img":{"alt_text":"Splashscreen StarOffice 8","src":"https:\/\/i0.wp.com\/news.lamprecht.net\/wp-content\/images\/thumb-intro_01.jpg?resize=350%2C200&ssl=1","width":350,"height":200},"classes":[]},{"id":1327,"url":"https:\/\/news.lamprecht.net\/index.php\/2009\/03\/26\/symphony-ein-kurzer-blick-auf-das-andere-office\/","url_meta":{"origin":494,"position":3},"title":"Symphony &#8211; ein kurzer Blick auf das andere Office","author":"Stephan Lamprecht, Ahrensburg","date":"26\/3\/2009","format":"aside","excerpt":"Bereits seit einiger Zeit wird ja Symphony, das auf OpenOffice basiert, von IBM angeboten. W\u00e4hrend die Community von OpenOffice noch die Entwicklung einer neuen und moderneren Oberfl\u00e4che vorantreibt, ist das mit Symphony bereits geschehen. Das nicht gerade ressourcenschonende Programm bringt selbst erfahrene Anwender nicht unmittelbar auf die Idee, dass sich\u2026","rel":"","context":"In &quot;allgemein&quot;","block_context":{"text":"allgemein","link":"https:\/\/news.lamprecht.net\/index.php\/category\/stamm\/allgemein\/"},"img":{"alt_text":"","src":"https:\/\/i0.wp.com\/news.lamprecht.net\/wp-content\/uploads\/symphony-small.jpg?resize=350%2C200&ssl=1","width":350,"height":200},"classes":[]},{"id":45,"url":"https:\/\/news.lamprecht.net\/index.php\/2005\/02\/28\/querverweise-mit-openoffice\/","url_meta":{"origin":494,"position":4},"title":"Querverweise mit OpenOffice","author":"Stephan Lamprecht, Ahrensburg","date":"28\/2\/2005","format":"aside","excerpt":"Umsteiger von Microsoft Word m\u00fcssen bei der Verwaltung von Querverweisen unter OpenOffice und StarOffice etwas umdenken. Das Bedienkonzept unterscheidet sich an dieser Stelle deutlich. Wie an so vielen Stellen haben die Entwickler die vorteilhaftere L\u00f6sung geschaffen, was aber etwas zu Lasten der Intuition gegangen ist. Angenommen Sie m\u00f6chten auf das\u2026","rel":"","context":"In \"OpenOffice\"","block_context":{"text":"OpenOffice","link":"https:\/\/news.lamprecht.net\/index.php\/tag\/openoffice\/"},"img":{"alt_text":"","src":"","width":0,"height":0},"classes":[]},{"id":1299,"url":"https:\/\/news.lamprecht.net\/index.php\/2009\/03\/09\/gut-gemacht-sun\/","url_meta":{"origin":494,"position":5},"title":"Gut gemacht, SUN","author":"Stephan Lamprecht, Ahrensburg","date":"9\/3\/2009","format":"aside","excerpt":"Ich habe schon recht fr\u00fch den Duden Korrektor eingesetzt. W\u00e4hrend die erste Version zwar die Ressourcen des Rechners belastete, fuhr ein Korrekturlauf mit der zweiten Version die Produktivit\u00e4t fast herunter. Nach meinem vollst\u00e4ndigen Umstieg auf Linux habe ich die Software dann ein bisschen aus den Augen verloren. Umso erfreuter war\u2026","rel":"","context":"In &quot;allgemein&quot;","block_context":{"text":"allgemein","link":"https:\/\/news.lamprecht.net\/index.php\/category\/stamm\/allgemein\/"},"img":{"alt_text":"","src":"https:\/\/i0.wp.com\/news.lamprecht.net\/wp-content\/uploads\/korrektor-small.jpg?resize=350%2C200&ssl=1","width":350,"height":200},"classes":[]}],"_links":{"self":[{"href":"https:\/\/news.lamprecht.net\/index.php\/wp-json\/wp\/v2\/posts\/494","targetHints":{"allow":["GET"]}}],"collection":[{"href":"https:\/\/news.lamprecht.net\/index.php\/wp-json\/wp\/v2\/posts"}],"about":[{"href":"https:\/\/news.lamprecht.net\/index.php\/wp-json\/wp\/v2\/types\/post"}],"author":[{"embeddable":true,"href":"https:\/\/news.lamprecht.net\/index.php\/wp-json\/wp\/v2\/users\/2"}],"replies":[{"embeddable":true,"href":"https:\/\/news.lamprecht.net\/index.php\/wp-json\/wp\/v2\/comments?post=494"}],"version-history":[{"count":0,"href":"https:\/\/news.lamprecht.net\/index.php\/wp-json\/wp\/v2\/posts\/494\/revisions"}],"wp:attachment":[{"href":"https:\/\/news.lamprecht.net\/index.php\/wp-json\/wp\/v2\/media?parent=494"}],"wp:term":[{"taxonomy":"category","embeddable":true,"href":"https:\/\/news.lamprecht.net\/index.php\/wp-json\/wp\/v2\/categories?post=494"},{"taxonomy":"post_tag","embeddable":true,"href":"https:\/\/news.lamprecht.net\/index.php\/wp-json\/wp\/v2\/tags?post=494"}],"curies":[{"name":"wp","href":"https:\/\/api.w.org\/{rel}","templated":true}]}}