{"id":43,"date":"2005-02-26T14:38:25","date_gmt":"2005-02-26T13:38:25","guid":{"rendered":"https:\/\/news.lamprecht.net\/?p=43"},"modified":"2005-02-26T14:38:25","modified_gmt":"2005-02-26T13:38:25","slug":"disziplin-im-notizmanagement","status":"publish","type":"post","link":"https:\/\/news.lamprecht.net\/index.php\/2005\/02\/26\/disziplin-im-notizmanagement\/","title":{"rendered":"Disziplin im Notizmanagement"},"content":{"rendered":"<p>Ich organisiere meine Termine und Aufgaben mit einem klassischen Zeitplanbuch im Format A5. Als Einlage nutze ich das System von <a href=\"http:\/\/www.tempus.de\">Tempus<\/a>, das ich als das beste f\u00fcr ein umfassendes Selbstmanagement halte. Die Einlagen geben mir genug Raum f\u00fcr Notizen allert Art.<\/p>\n<p>Wo viel Raum ist aber auch viel Platz, um sich selber sprichtw\u00f6rtlich zu &#8220;verzetteln&#8221;. Mal eben eine Telefonnummer oder Mailadresse notieren, einen Gedanken kurz festhalten: Nach einiger Zeit habe ich es als unproduktiv empfunden, solche schnellen Notizen auf den Seiten der Tagesplanung festzuhalten, da man sie kaum finden kann. Deshalb habe ich einen kleinen Haftnotizzettel auf das Deckblatt des Kalendariums geklebt. Diese erste Seite ist immer schnell aufgebl\u00e4ttert und mein Speicher f\u00fcr die Notizen des aktuellen Tages. <\/p>\n<p>Bevor ich meinen Arbeitstag beende, sehe ich diese Notizen durch. Neue Kontakte wandern in das Adressregister, Notizen, die ich l\u00e4nger aufheben m\u00f6chte, auf ein neue Notizeinlage, die ich im alphabetischen Teil des Zeitplanbuches notiere. Ist alles durchgesehen, schmeisse ich den Haftnotizzettel weg und klebe einen neuen f\u00fcr den n\u00e4chsten Tag ein. <\/p>\n","protected":false},"excerpt":{"rendered":"<p>Ich organisiere meine Termine und Aufgaben mit einem klassischen Zeitplanbuch im Format A5. Als Einlage nutze ich das System von Tempus, das ich als das beste f\u00fcr ein umfassendes Selbstmanagement halte. Die Einlagen geben mir genug Raum f\u00fcr Notizen allert Art. Wo viel Raum ist aber auch viel Platz, um sich selber sprichtw\u00f6rtlich zu &#8220;verzetteln&#8221;. &hellip; <\/p>\n<p class=\"link-more\"><a href=\"https:\/\/news.lamprecht.net\/index.php\/2005\/02\/26\/disziplin-im-notizmanagement\/\" class=\"more-link\"><span class=\"screen-reader-text\">\u201eDisziplin im Notizmanagement\u201c <\/span>weiterlesen<\/a><\/p>\n","protected":false},"author":2,"featured_media":0,"comment_status":"open","ping_status":"","sticky":false,"template":"","format":"aside","meta":{"advanced_seo_description":"","jetpack_seo_html_title":"","jetpack_seo_noindex":false,"_jetpack_memberships_contains_paid_content":false,"footnotes":"","jetpack_publicize_message":"","jetpack_publicize_feature_enabled":true,"jetpack_social_post_already_shared":false,"jetpack_social_options":{"image_generator_settings":{"template":"highway","default_image_id":0,"font":"","enabled":false},"version":2}},"categories":[],"tags":[10],"class_list":["post-43","post","type-post","status-publish","format-aside","hentry","tag-selbstmanagement","post_format-post-format-aside"],"wppr_data":[],"jetpack_publicize_connections":[],"jetpack_featured_media_url":"","jetpack_shortlink":"https:\/\/wp.me\/pOKED-H","jetpack_sharing_enabled":true,"jetpack-related-posts":[{"id":253,"url":"https:\/\/news.lamprecht.net\/index.php\/2005\/07\/26\/ihr-werkzeug-muss-zu-ihnen-passen-nicht-umgekehrt\/","url_meta":{"origin":43,"position":0},"title":"Ihr Werkzeug muss zu Ihnen passen &#8211; nicht umgekehrt","author":"Stephan Lamprecht, Ahrensburg","date":"26\/7\/2005","format":"aside","excerpt":"Meine Tipps zur Einrichtung eines Zeitplanbuchs..","rel":"","context":"In \"Selbstmanagement\"","block_context":{"text":"Selbstmanagement","link":"https:\/\/news.lamprecht.net\/index.php\/tag\/selbstmanagement\/"},"img":{"alt_text":"","src":"","width":0,"height":0},"classes":[]},{"id":779,"url":"https:\/\/news.lamprecht.net\/index.php\/2007\/07\/08\/servus-tempus-hallo-filofax\/","url_meta":{"origin":43,"position":1},"title":"Servus Tempus &#8211; hallo Filofax","author":"Stephan Lamprecht, Ahrensburg","date":"8\/7\/2007","format":"aside","excerpt":"Seit einigen Jahren ist ein Zeitplanbuch f\u00fcr mich unverzichtbar geworden, trotz immer ausgefeilterer PC-Programme oder Internetangebote. Bisher habe einem Zeitplanbuch aus dem Hause Tempus im Format A5 den Vorzug gegeben, das ich aber in den vergangenen Monaten immer lustloser zur Hand genommen habe. Zu unhandlich, zu schwer und in seinen\u2026","rel":"","context":"In &quot;allgemein&quot;","block_context":{"text":"allgemein","link":"https:\/\/news.lamprecht.net\/index.php\/category\/stamm\/allgemein\/"},"img":{"alt_text":"","src":"","width":0,"height":0},"classes":[]},{"id":217,"url":"https:\/\/news.lamprecht.net\/index.php\/2005\/06\/08\/meiner-auch\/","url_meta":{"origin":43,"position":2},"title":"Meiner auch&#8230;","author":"Stephan Lamprecht, Ahrensburg","date":"8\/6\/2005","format":"aside","excerpt":"Warum mein Palm irgendwann bei Ebay gelandet ist, nachdem er geh\u00f6rig einstaubte...","rel":"","context":"In \"Selbstmanagement\"","block_context":{"text":"Selbstmanagement","link":"https:\/\/news.lamprecht.net\/index.php\/tag\/selbstmanagement\/"},"img":{"alt_text":"","src":"","width":0,"height":0},"classes":[]},{"id":138,"url":"https:\/\/news.lamprecht.net\/index.php\/2005\/04\/22\/notizen-richtig-schreiben\/","url_meta":{"origin":43,"position":3},"title":"Notizen richtig schreiben","author":"Stephan Lamprecht, Ahrensburg","date":"22\/4\/2005","format":"aside","excerpt":"Einen gro\u00dfen Teil unseres Lebens verbringen wir mit dem selbstst\u00e4ndigen Aneignen von Wissen. In der Schule, an der Universit\u00e4t, bei Seminaren. Im Berufsleben gilt es, in Besprechungen wichtige Beschl\u00fcsse und Arbeitsergebnisse festzuhalten. Umso erstaunlicher, dass sich nur die wenigsten Menschen damit auseinandersetzen, wie man wirklich gewinnbringend solche Fakten notiert. Und\u2026","rel":"","context":"In \"Selbstmanagement\"","block_context":{"text":"Selbstmanagement","link":"https:\/\/news.lamprecht.net\/index.php\/tag\/selbstmanagement\/"},"img":{"alt_text":"","src":"","width":0,"height":0},"classes":[]},{"id":211,"url":"https:\/\/news.lamprecht.net\/index.php\/2005\/06\/03\/ich-will-eigentlich-nur-schreiben\/","url_meta":{"origin":43,"position":4},"title":"Ich will eigentlich nur schreiben","author":"Stephan Lamprecht, Ahrensburg","date":"3\/6\/2005","format":"aside","excerpt":"Texten Sie professionell? Damit meine ich nicht die immer wieder anfallende gesch\u00e4ftliche Korrespondenz oder einen kurzen Report an Ihren Vorgesetzten. Verbringen fast jeden Tag ausschlie\u00dflich mit Ihrer Textverarbeitung? Ich tue das und stelle immer h\u00e4ufiger fest, wie unsympathisch mir die Office-Pakete werden. Die Welt war idyllisch als ich mit meinem\u2026","rel":"","context":"In \"Marginalia\"","block_context":{"text":"Marginalia","link":"https:\/\/news.lamprecht.net\/index.php\/tag\/marginalia\/"},"img":{"alt_text":"","src":"","width":0,"height":0},"classes":[]},{"id":1322,"url":"https:\/\/news.lamprecht.net\/index.php\/2009\/03\/23\/organisieren-sie-ihre-aufgaben-mit-uorganized\/","url_meta":{"origin":43,"position":5},"title":"Organisieren Sie Ihre Aufgaben mit uOrganized","author":"Stephan Lamprecht, Ahrensburg","date":"23\/3\/2009","format":"aside","excerpt":"Beim Surfen im Web bin ich auf das Tool uOrganized gesto\u00dfen, dass sich selbst als kleine Aufgabenverwaltung mit Synchronisationsm\u00f6glichkeit mit MS Outlook empfiehlt. Im Vergleich mit anderen Werkzeugen dieser Gattung gehen die Entwickler hier durchaus andere und bemerkenswerte Wege. Dies beginnt bereits bei der Optik. Un\u00fcbersehbar f\u00fcr den Anwender kann\u2026","rel":"","context":"In &quot;allgemein&quot;","block_context":{"text":"allgemein","link":"https:\/\/news.lamprecht.net\/index.php\/category\/stamm\/allgemein\/"},"img":{"alt_text":"","src":"https:\/\/i0.wp.com\/news.lamprecht.net\/wp-content\/uploads\/uorganized-small.jpg?resize=350%2C200&ssl=1","width":350,"height":200},"classes":[]}],"_links":{"self":[{"href":"https:\/\/news.lamprecht.net\/index.php\/wp-json\/wp\/v2\/posts\/43","targetHints":{"allow":["GET"]}}],"collection":[{"href":"https:\/\/news.lamprecht.net\/index.php\/wp-json\/wp\/v2\/posts"}],"about":[{"href":"https:\/\/news.lamprecht.net\/index.php\/wp-json\/wp\/v2\/types\/post"}],"author":[{"embeddable":true,"href":"https:\/\/news.lamprecht.net\/index.php\/wp-json\/wp\/v2\/users\/2"}],"replies":[{"embeddable":true,"href":"https:\/\/news.lamprecht.net\/index.php\/wp-json\/wp\/v2\/comments?post=43"}],"version-history":[{"count":0,"href":"https:\/\/news.lamprecht.net\/index.php\/wp-json\/wp\/v2\/posts\/43\/revisions"}],"wp:attachment":[{"href":"https:\/\/news.lamprecht.net\/index.php\/wp-json\/wp\/v2\/media?parent=43"}],"wp:term":[{"taxonomy":"category","embeddable":true,"href":"https:\/\/news.lamprecht.net\/index.php\/wp-json\/wp\/v2\/categories?post=43"},{"taxonomy":"post_tag","embeddable":true,"href":"https:\/\/news.lamprecht.net\/index.php\/wp-json\/wp\/v2\/tags?post=43"}],"curies":[{"name":"wp","href":"https:\/\/api.w.org\/{rel}","templated":true}]}}