{"id":3714,"date":"2021-12-31T13:14:52","date_gmt":"2021-12-31T11:14:52","guid":{"rendered":"https:\/\/news.lamprecht.net\/?p=3714"},"modified":"2021-12-31T13:20:21","modified_gmt":"2021-12-31T11:20:21","slug":"meine-lektuere-2021","status":"publish","type":"post","link":"https:\/\/news.lamprecht.net\/index.php\/2021\/12\/31\/meine-lektuere-2021\/","title":{"rendered":"Meine Lekt\u00fcre 2021"},"content":{"rendered":"\n<p>Das Jahr 2021 ist in wenigen Stunden Geschichte. Da wegen der Pandemie die sonstigen Ablenkungsm\u00f6glichkeiten \u00fcberschaubar geblieben sind, konnte ich viel Zeit der Lekt\u00fcre widmen. Und das trotz eines sehr erfreulichen Gesch\u00e4ftsjahres. Es folgen einmal wieder die Titel, die ich dieses Jahr gelesen habe.<\/p>\n\n\n\n<h2 class=\"wp-block-heading\"><strong>Erneut gelesen<\/strong><\/h2>\n\n\n\n<ul class=\"wp-block-list\"><li>Thomas Mann: Der Zauberberg<\/li><li>Gustave Flaubert: Madame Bovary<\/li><li>Kurt Tucholsky: Schloss Gripsholm<\/li><li>Anna Seghers: Transit<\/li><li>Marcel Proust: Auf der Suche nach der verlorenen Zeit<\/li><li>Robert Harris: Vaterland<\/li><li>George Orwell: 1984<\/li><li>Dostojewski: Der Spieler<\/li><li>Dostojewski: Der Idiot<\/li><\/ul>\n\n\n\n<h2 class=\"wp-block-heading\"><strong>Neu gelesen<\/strong><\/h2>\n\n\n\n<ul class=\"wp-block-list\"><li>Guy de Maupassant: Stark wieder Tod<\/li><li>Simenon: Maigret am\u00fcsiert sich<\/li><li>Simenon: Maigret und die Bohnenstange<\/li><li>George Packer: Die Abwicklung<\/li><li>Philipp Blom: Der taumelnde Kontinent<\/li><li>Donna Tartt: Der Distelfink<\/li><li>Simenon: Maigret hat Angst<\/li><li>Simenon: Maigret und der gelbe Hund.<\/li><li>Simenon: Maigret und der Mann auf der Bank.<\/li><li>Simenon: Maigret und die Schleuse Nr. 1<\/li><li>Virginia Woolf: Mrs. Dalloway<\/li><li>Stefan Zweig: Maria Stuart<\/li><li>Annet Mooij: Das Jahrhundert der Gisele<\/li><li>William Maxwell: Zeit der N\u00e4he<\/li><li>Fritz J. Raddatz: Tageb\u00fccher 2002\u20132012<\/li><li>J\u00f6rn Leogrande: Bad Company<\/li><li>Florian Werner: Die Rastst\u00e4tte<\/li><li>Julien Green: Leviathan<\/li><li>Julien Green: Der andere Schlaf<\/li><li>Anna Haag: Denken ist heute \u00fcberhaupt nicht mehr in Mode<\/li><li>Simenon: Der Pr\u00e4sident<\/li><li>Helge Hesse: Die Welt neu beginnen<\/li><li>Kazuo Ishiguro: Was vom Tage \u00fcbrigblieb<\/li><li>Steffen Kopetzky: Propaganda<\/li><li>Gustave Flaubert: Jules und Henry<\/li><li>Julian Barnes: Die einzige Geschichte<\/li><li>Patrick Modiano: Unsichtbare Tinte<\/li><li>George Simenon: Maigret in der Liberty Bar<\/li><li>Iwan Gontscharow: Eine gew\u00f6hnliche Geschichte<\/li><li>Wilhelm Genazino: Wenn wir Tiere w\u00e4ren<\/li><li>Saul Friedl\u00e4nder: Proust lesen<\/li><li>Stig Sacterbarken: Durch die Nacht<\/li><li>Gustave Flaubert: Lehrjahre der M\u00e4nnlichkeit<\/li><li>Simenon: Maigret und der Fall Nahour<\/li><li>Hermann Stresau: Von den Nazis trennt mich eine Welt.<\/li><li>Anatol Regnier: Jeder schreibt f\u00fcr sich allein<\/li><li>Christian Adam: Lesen unter Hitler<\/li><li>Simenon: Maigret und der verstorbene Monsieur Gallet<\/li><li>Ulrich Alexander Boschwitz: Der Reisende<\/li><li>Simenon: Maigret und der Spitzel<\/li><li>Simenon: Maigret und der Treidler der Providence<\/li><li>Klaus Bringmann: Augustus<\/li><li>Celeste Albaret: Monsieur Proust<\/li><li>Benedict Wells: Hardland<\/li><li>Simenon: Maigret und die Aff\u00e4re Saint-Fiacre<\/li><li>Julian Barnes: Der Mann im roten Rock<\/li><li>Yoko Ogawa: Insel der verlorenen Erinnerung<\/li><li>Andreas Rauscher: 100 Seiten Star Wars<\/li><li>Sascha Mamczal: 100 Seiten Science Fiction<\/li><li>Wieland Schwanebeck: 100 Seiten James Bond<\/li><li>Leo Tolstoi: Kreutzersonate<\/li><li>C\u00e4sar Aira: Was habe ich gelacht + weitere Novellen<\/li><li>Simenon: Hier irrt Maigret<\/li><li>Simenon: Maigret verteidigt sich<\/li><li>Vladimir Nabokow: Pnin<\/li><li>Simenon: Maigret contra Picpus<\/li><li>Simenon: Maigret erlebt eine Niederlage<\/li><li>Uwe Wittstock: Februar 1933<\/li><li>Jonathan Franzen: Crossroads<\/li><li>Dostojewski: Verbrechen und Strafe<\/li><li>Tsitsi Dangarembga: Aufbrechen<\/li><li>Hermann Stresau: Als lebe man nur unter Vorbehalt<\/li><li>Andreas Gusti: Dostojewski<\/li><li>J. J. Voskuil: Direktor Beerta<\/li><li>J. J. Voskuil: Schmutzige H\u00e4nde<\/li><li>J. J. Voskuil: Plankton<\/li><li>Simenon: Der Witwer<\/li><li>Simenon: Maigret und das Schattenspiel<\/li><li>Simenon: Maigret regt sich auf<\/li><li>Simenon: Maigret hat Skrupel<\/li><\/ul>\n\n\n\n<h2 class=\"wp-block-heading\"><strong>Meine Top 3<\/strong><\/h2>\n\n\n\n<p>Nun geh\u00f6re ich zu den Menschen, die sich bei einem langweiligen Buch nicht \u201edurchbei\u00dfen\u201c. Was mir nicht gef\u00e4llt, lege ich weg. Unterhalten, angesprochen oder ber\u00fchrt f\u00fchlte ich mich also bei allen diesen Werken. Am meisten beeindruckt haben mich in diesem Jahr:<\/p>\n\n\n\n<h2 class=\"wp-block-heading\"><strong>Donna Tartt: Der Distelfink<\/strong><\/h2>\n\n\n\n<a target=\"_blank\" href=\"https:\/\/www.amazon.de\/gp\/product\/3442473608\/ref=as_li_tl?ie=UTF8&amp;camp=1638&amp;creative=6742&amp;creativeASIN=3442473608&amp;linkCode=as2&amp;tag=redaktionsb0f-21&amp;linkId=3792096543487152c01bb3df20a2b633\" rel=\"noopener\"><img decoding=\"async\" border=\"0\" src=\"\/\/ws-eu.amazon-adsystem.com\/widgets\/q?_encoding=UTF8&amp;MarketPlace=DE&amp;ASIN=3442473608&amp;ServiceVersion=20070822&amp;ID=AsinImage&amp;WS=1&amp;Format=_SL250_&amp;tag=redaktionsb0f-21\"\/><\/a>\n\n\n\n<p>Was f\u00fcr ein Buch! Bei der Lekt\u00fcre f\u00fchlte ich mich fast in meine Sch\u00fclerzeiten zur\u00fcckversetzt, so gebannt habe ich diesen W\u00e4lzer regelrecht verschlungen. Okay, ab und an zeigt der Plot kleine Schw\u00e4chen, aber es ist eine ganz wunderbare und \u00fcberraschende Geschichte. Klare Empfehlung! Es gibt eine <a href=\"https:\/\/kaffeehaussitzer.de\/donna-tartt-der-distelfink\/\" target=\"_blank\" rel=\"noreferrer noopener\">tolle Rezension<\/a> dr\u00fcben beim Kaffeehaussitzer.<\/p>\n\n\n\n<h2 class=\"wp-block-heading\"><strong>Helge Hesse: Die Welt neu beginnen<\/strong><\/h2>\n\n\n\n<a target=\"_blank\" href=\"https:\/\/www.amazon.de\/gp\/product\/315011280X\/ref=as_li_tl?ie=UTF8&amp;camp=1638&amp;creative=6742&amp;creativeASIN=315011280X&amp;linkCode=as2&amp;tag=redaktionsb0f-21&amp;linkId=3a08fa3a3dab7a84a752594e2d3fdea1\" rel=\"noopener\"><img decoding=\"async\" border=\"0\" src=\"\/\/ws-eu.amazon-adsystem.com\/widgets\/q?_encoding=UTF8&amp;MarketPlace=DE&amp;ASIN=315011280X&amp;ServiceVersion=20070822&amp;ID=AsinImage&amp;WS=1&amp;Format=_SL250_&amp;tag=redaktionsb0f-21\"\/><\/a>\n\n\n\n<p>Ohne Zweifel mein Sachbuch des Jahres! Helge Hesse hat sich durch einen Berg Sekund\u00e4rliteratur gepfl\u00fcgt und verkn\u00fcpft verschiedene Ereignisse und Entwicklungen auf gekonnte Weise miteinander. Unterhaltsam und ganz wunderbar geschrieben, versteht er es eine Epoche anschaulich und lebendig zu beschreiben. Lassen Sie sich entf\u00fchren!<\/p>\n\n\n\n<h2 class=\"wp-block-heading\"><strong>J.J. Voskuil: Das B\u00fcro Band 1: Direktor Beerta<\/strong><\/h2>\n\n\n\n<a target=\"_blank\" href=\"https:\/\/www.amazon.de\/gp\/product\/3957320062\/ref=as_li_tl?ie=UTF8&amp;camp=1638&amp;creative=6742&amp;creativeASIN=3957320062&amp;linkCode=as2&amp;tag=redaktionsb0f-21&amp;linkId=c1bea188b5c65de32dcc65430fd2e207\" rel=\"noopener\"><img decoding=\"async\" border=\"0\" src=\"\/\/ws-eu.amazon-adsystem.com\/widgets\/q?_encoding=UTF8&amp;MarketPlace=DE&amp;ASIN=3957320062&amp;ServiceVersion=20070822&amp;ID=AsinImage&amp;WS=1&amp;Format=_SL250_&amp;tag=redaktionsb0f-21\"\/><\/a>\n\n\n\n<p>Ich bin immer etwas skeptisch, wenn mir jemand ein Opus ank\u00fcndigt, das in einer Liga mit Proust spielen soll. \u201eDas B\u00fcro\u201c ist ein Monument. Und ein unterhaltsames dazu. Sicherlich nicht f\u00fcr jeden, aber je mehr Zeit ich damit verbracht habe, umso st\u00e4rker zog es mich in seinen Bann. Obwohl vorderhand wenig passiert; nur der Alltag im Wissenschaftsbetrieb geschildert wird, bleibt man \u201edran\u201c. Ein wenig wie Seinfeld nur als Literatur. Dazu tr\u00e4gt auch die sehr reduzierte Sprache bei. Hier erinnert Voskuil an Simenon. Kein Wort zu viel, direkt auf den Punkt.\u00a0<\/p>\n","protected":false},"excerpt":{"rendered":"<p>Das Jahr 2021 ist in wenigen Stunden Geschichte. Da wegen der Pandemie die sonstigen Ablenkungsm\u00f6glichkeiten \u00fcberschaubar geblieben sind, konnte ich viel Zeit der Lekt\u00fcre widmen. Und das trotz eines sehr erfreulichen Gesch\u00e4ftsjahres. Es folgen einmal wieder die Titel, die ich dieses Jahr gelesen habe. Erneut gelesen Thomas Mann: Der Zauberberg Gustave Flaubert: Madame Bovary Kurt &hellip; <\/p>\n<p class=\"link-more\"><a href=\"https:\/\/news.lamprecht.net\/index.php\/2021\/12\/31\/meine-lektuere-2021\/\" class=\"more-link\"><span class=\"screen-reader-text\">\u201eMeine Lekt\u00fcre 2021\u201c <\/span>weiterlesen<\/a><\/p>\n","protected":false},"author":2,"featured_media":0,"comment_status":"open","ping_status":"open","sticky":false,"template":"","format":"standard","meta":{"advanced_seo_description":"","jetpack_seo_html_title":"","jetpack_seo_noindex":false,"_jetpack_memberships_contains_paid_content":false,"footnotes":"","jetpack_publicize_message":"Ein tolles Lekt\u00fcrejahr geht zu Ende. Hier die Liste all der B\u00fccher, die ich 2021 gelesen habe. Dank auch an den @cafehaussitzer f\u00fcr viele Inspirationen :-)","jetpack_publicize_feature_enabled":true,"jetpack_social_post_already_shared":true,"jetpack_social_options":{"image_generator_settings":{"template":"highway","default_image_id":0,"font":"","enabled":false},"version":2}},"categories":[1],"tags":[],"class_list":["post-3714","post","type-post","status-publish","format-standard","hentry","category-allgemein"],"wppr_data":{"cwp_meta_box_check":"No"},"jetpack_publicize_connections":[],"jetpack_featured_media_url":"","jetpack_shortlink":"https:\/\/wp.me\/pOKED-XU","jetpack_sharing_enabled":true,"jetpack-related-posts":[{"id":3656,"url":"https:\/\/news.lamprecht.net\/index.php\/2019\/12\/25\/mein-lektuerejahr-2019\/","url_meta":{"origin":3714,"position":0},"title":"Mein Lekt\u00fcrejahr 2019","author":"Stephan Lamprecht, Ahrensburg","date":"25\/12\/2019","format":false,"excerpt":"Trotz der guten Auftragslage in diesem Jahr habe ich doch noch reichlich Zeit f\u00fcr Lekt\u00fcre gefunden. Folgende B\u00fccher habe ich neu bzw. wiedergelesen. Erneut gelesen: Theodor Fontane: Effi Briest Rudolf Lorenzen: Eine Art Held Thomas Mann: Der Zauberberg Thomas Mann: Buddenbrooks Marcel Proust: Auf der Suche nach der verlorenen Zeit\u2026","rel":"","context":"In &quot;allgemein&quot;","block_context":{"text":"allgemein","link":"https:\/\/news.lamprecht.net\/index.php\/category\/stamm\/allgemein\/"},"img":{"alt_text":"","src":"https:\/\/i0.wp.com\/news.lamprecht.net\/wp-content\/uploads\/IMG_20191225_111325.jpg?fit=1200%2C900&ssl=1&resize=350%2C200","width":350,"height":200,"srcset":"https:\/\/i0.wp.com\/news.lamprecht.net\/wp-content\/uploads\/IMG_20191225_111325.jpg?fit=1200%2C900&ssl=1&resize=350%2C200 1x, https:\/\/i0.wp.com\/news.lamprecht.net\/wp-content\/uploads\/IMG_20191225_111325.jpg?fit=1200%2C900&ssl=1&resize=525%2C300 1.5x, https:\/\/i0.wp.com\/news.lamprecht.net\/wp-content\/uploads\/IMG_20191225_111325.jpg?fit=1200%2C900&ssl=1&resize=700%2C400 2x, https:\/\/i0.wp.com\/news.lamprecht.net\/wp-content\/uploads\/IMG_20191225_111325.jpg?fit=1200%2C900&ssl=1&resize=1050%2C600 3x"},"classes":[]},{"id":3765,"url":"https:\/\/news.lamprecht.net\/index.php\/2023\/12\/31\/mein-lekturejahr-2023\/","url_meta":{"origin":3714,"position":1},"title":"Mein Lekt\u00fcrejahr 2023","author":"Stephan Lamprecht, Ahrensburg","date":"31\/12\/2023","format":false,"excerpt":"In sch\u00f6ner Tradition rechtzeitig zum Jahreswechsel die Liste meiner Lekt\u00fcre. Ich habe erneut mit viel Vergn\u00fcgen \u201eDas B\u00fcro\u201c gelesen. Und nat\u00fcrlich bin ich auch nicht um den Zauberberg herumgekommen. Durchschlagene Leseerlebnisse waren in diesem Jahr (leider) rar. Ausnahme: \u201eLichte Tage\u201c. Ein ganz wunderbares und ber\u00fchrendes Buch, das einen zu Tr\u00e4nen\u2026","rel":"","context":"In &quot;allgemein&quot;","block_context":{"text":"allgemein","link":"https:\/\/news.lamprecht.net\/index.php\/category\/stamm\/allgemein\/"},"img":{"alt_text":"","src":"https:\/\/i0.wp.com\/news.lamprecht.net\/wp-content\/uploads\/lektuere-2023-header.jpg?fit=1000%2C753&ssl=1&resize=350%2C200","width":350,"height":200,"srcset":"https:\/\/i0.wp.com\/news.lamprecht.net\/wp-content\/uploads\/lektuere-2023-header.jpg?fit=1000%2C753&ssl=1&resize=350%2C200 1x, https:\/\/i0.wp.com\/news.lamprecht.net\/wp-content\/uploads\/lektuere-2023-header.jpg?fit=1000%2C753&ssl=1&resize=525%2C300 1.5x, https:\/\/i0.wp.com\/news.lamprecht.net\/wp-content\/uploads\/lektuere-2023-header.jpg?fit=1000%2C753&ssl=1&resize=700%2C400 2x"},"classes":[]},{"id":3747,"url":"https:\/\/news.lamprecht.net\/index.php\/2022\/12\/31\/mein-lekturejahr-2022\/","url_meta":{"origin":3714,"position":2},"title":"Mein Lekt\u00fcrejahr 2022","author":"Stephan Lamprecht, Ahrensburg","date":"31\/12\/2022","format":false,"excerpt":"R\u00fcckblick auf alles, was ich in diesem Jahr gelesen habe","rel":"","context":"In &quot;allgemein&quot;","block_context":{"text":"allgemein","link":"https:\/\/news.lamprecht.net\/index.php\/category\/stamm\/allgemein\/"},"img":{"alt_text":"","src":"https:\/\/i0.wp.com\/news.lamprecht.net\/wp-content\/uploads\/lektuere_2022-1-scaled.jpg?fit=1200%2C965&ssl=1&resize=350%2C200","width":350,"height":200,"srcset":"https:\/\/i0.wp.com\/news.lamprecht.net\/wp-content\/uploads\/lektuere_2022-1-scaled.jpg?fit=1200%2C965&ssl=1&resize=350%2C200 1x, https:\/\/i0.wp.com\/news.lamprecht.net\/wp-content\/uploads\/lektuere_2022-1-scaled.jpg?fit=1200%2C965&ssl=1&resize=525%2C300 1.5x, https:\/\/i0.wp.com\/news.lamprecht.net\/wp-content\/uploads\/lektuere_2022-1-scaled.jpg?fit=1200%2C965&ssl=1&resize=700%2C400 2x, https:\/\/i0.wp.com\/news.lamprecht.net\/wp-content\/uploads\/lektuere_2022-1-scaled.jpg?fit=1200%2C965&ssl=1&resize=1050%2C600 3x"},"classes":[]},{"id":3815,"url":"https:\/\/news.lamprecht.net\/index.php\/2025\/12\/25\/mein-lektuerejahr-2025\/","url_meta":{"origin":3714,"position":3},"title":"Mein Lekt\u00fcrejahr 2025","author":"Stephan Lamprecht, Ahrensburg","date":"25\/12\/2025","format":false,"excerpt":"Zeit f\u00fcr den Jahresr\u00fcckblick der B\u00fccher, die ich 2025 gelesen habe.","rel":"","context":"In &quot;allgemein&quot;","block_context":{"text":"allgemein","link":"https:\/\/news.lamprecht.net\/index.php\/category\/stamm\/allgemein\/"},"img":{"alt_text":"lekt\u00fcre-2025","src":"https:\/\/i0.wp.com\/news.lamprecht.net\/wp-content\/uploads\/lektuere-2025-header.jpg?fit=1200%2C675&ssl=1&resize=350%2C200","width":350,"height":200,"srcset":"https:\/\/i0.wp.com\/news.lamprecht.net\/wp-content\/uploads\/lektuere-2025-header.jpg?fit=1200%2C675&ssl=1&resize=350%2C200 1x, https:\/\/i0.wp.com\/news.lamprecht.net\/wp-content\/uploads\/lektuere-2025-header.jpg?fit=1200%2C675&ssl=1&resize=525%2C300 1.5x, https:\/\/i0.wp.com\/news.lamprecht.net\/wp-content\/uploads\/lektuere-2025-header.jpg?fit=1200%2C675&ssl=1&resize=700%2C400 2x, https:\/\/i0.wp.com\/news.lamprecht.net\/wp-content\/uploads\/lektuere-2025-header.jpg?fit=1200%2C675&ssl=1&resize=1050%2C600 3x"},"classes":[]},{"id":691,"url":"https:\/\/news.lamprecht.net\/index.php\/2007\/02\/09\/schotts-almanach\/","url_meta":{"origin":3714,"position":4},"title":"Schotts Almanach","author":"Stephan Lamprecht, Ahrensburg","date":"9\/2\/2007","format":"aside","excerpt":"Von Ben Schott und seinen Werken war an dieser Stelle schon h\u00e4ufiger die Rede. Sein Sammelsurium hat gleichsam Unterhaltungswert wie auch Epigonen auf den Plan gerufen. Mit seinem Almanach begl\u00fcckt der menschliche Datenverarbeiter nun die Sparte der Jahrb\u00fccher um ein weiteres Werk. Die FAZ h\u00e4lt das Buch f\u00fcr einen Gl\u00fccklichmacher.\u2026","rel":"","context":"In \"Lekt\u00fcre\"","block_context":{"text":"Lekt\u00fcre","link":"https:\/\/news.lamprecht.net\/index.php\/tag\/lektuere\/"},"img":{"alt_text":"","src":"","width":0,"height":0},"classes":[]},{"id":1790,"url":"https:\/\/news.lamprecht.net\/index.php\/2010\/02\/25\/100-bucher\/","url_meta":{"origin":3714,"position":5},"title":"100 B\u00fccher","author":"Stephan Lamprecht, Ahrensburg","date":"25\/2\/2010","format":"aside","excerpt":"Das ZDF hat so eine Liste mit den 100 beliebtesten B\u00fcchern der Zuschauer. Ganz spannend, was darauf zu finden ist, also an dieser Stelle mal ein v\u00f6llig selbstreferentielles Posting. 1. Der Herr der Ringe, JRR Tolkien\u00c2\u00a0 2. Die Bibel\u00c2\u00a0Klar gelesen, AT und NT. Allerdings freiwillig. Ab und an bl\u00e4ttere ich\u2026","rel":"","context":"In &quot;allgemein&quot;","block_context":{"text":"allgemein","link":"https:\/\/news.lamprecht.net\/index.php\/category\/stamm\/allgemein\/"},"img":{"alt_text":"","src":"","width":0,"height":0},"classes":[]}],"_links":{"self":[{"href":"https:\/\/news.lamprecht.net\/index.php\/wp-json\/wp\/v2\/posts\/3714","targetHints":{"allow":["GET"]}}],"collection":[{"href":"https:\/\/news.lamprecht.net\/index.php\/wp-json\/wp\/v2\/posts"}],"about":[{"href":"https:\/\/news.lamprecht.net\/index.php\/wp-json\/wp\/v2\/types\/post"}],"author":[{"embeddable":true,"href":"https:\/\/news.lamprecht.net\/index.php\/wp-json\/wp\/v2\/users\/2"}],"replies":[{"embeddable":true,"href":"https:\/\/news.lamprecht.net\/index.php\/wp-json\/wp\/v2\/comments?post=3714"}],"version-history":[{"count":5,"href":"https:\/\/news.lamprecht.net\/index.php\/wp-json\/wp\/v2\/posts\/3714\/revisions"}],"predecessor-version":[{"id":3719,"href":"https:\/\/news.lamprecht.net\/index.php\/wp-json\/wp\/v2\/posts\/3714\/revisions\/3719"}],"wp:attachment":[{"href":"https:\/\/news.lamprecht.net\/index.php\/wp-json\/wp\/v2\/media?parent=3714"}],"wp:term":[{"taxonomy":"category","embeddable":true,"href":"https:\/\/news.lamprecht.net\/index.php\/wp-json\/wp\/v2\/categories?post=3714"},{"taxonomy":"post_tag","embeddable":true,"href":"https:\/\/news.lamprecht.net\/index.php\/wp-json\/wp\/v2\/tags?post=3714"}],"curies":[{"name":"wp","href":"https:\/\/api.w.org\/{rel}","templated":true}]}}