{"id":3576,"date":"2018-06-22T19:02:17","date_gmt":"2018-06-22T17:02:17","guid":{"rendered":"https:\/\/news.lamprecht.net\/?p=3576"},"modified":"2018-06-23T07:29:41","modified_gmt":"2018-06-23T05:29:41","slug":"kindle-oasis-der-fast-perfekte-e-reader","status":"publish","type":"post","link":"https:\/\/news.lamprecht.net\/index.php\/2018\/06\/22\/kindle-oasis-der-fast-perfekte-e-reader\/","title":{"rendered":"Kindle Oasis &#8211; der (fast) perfekte E-Reader"},"content":{"rendered":"<p class=\"body\" dir=\"auto\">Einen E-Book-Reader von Amazon besitze ich schon seit einigen Jahren. Ich hatte seinerzeit ein Testmuster eines Tolinos der ersten Generation und einen Kindle (den mit der Tastatur) f\u00fcr einen Vergleichstest in Haus. Der Tolino war, kurz gesagt, scheu\u00dflich. Das System war schleichend langsam. Der Kindle funktionierte. So gewann der Kindle. Und ich bin dabei auch geblieben (ja, ja, der Lock-in-Effekt).<\/p>\n<p class=\"body\" dir=\"auto\">Nach einigen Jahren habe ich mir dann den <img decoding=\"async\" src=\"https:\/\/ir-de.amazon-adsystem.com\/e\/ir?t=redaktionsb0f-21&l=alb&o=3&a=B00QJDO0QC\" width=\"1px\" height=\"1px\" alt=\"\" style=\"position: fixed !important; bottom: -1px !important; right: -1px !important; border:none !important; margin:0px !important;\" \/> geg\u00f6nnt. Nach einigen Jahren habe ich mir dann den Kindle Paperwhite geg\u00f6nnt. Dank der H\u00fclle mit aufgesteckter Beleuchtung konnte ich damit bereits im Bett lesen, aber bequemer und sch\u00f6ner wurde es dann mit dem Paperwhite. Der ist nach wie vor ein sehr guter E-Book-Reader und nimmt auch im Gep\u00e4ck nicht viel Platz weg. Er ist sehr stabil, bietet ausreichend Platz f\u00fcr viele B\u00fccher (die auch f\u00fcr einen l\u00e4ngeren Urlaub reichen) und lange Akkulaufzeit.<\/p>\n<h2 class=\"h2\" dir=\"auto\">Der Oasis-Effekt<\/h2>\n<p class=\"body\" dir=\"auto\">Ich muss allerdings zugeben, dass mich der neue Oasis bei seiner Vorstellung schon angesprochen hat. Zum einen mag ich Ger\u00e4te in einem Metallgeh\u00e4use (das mag der Macbook-Effekt sein), zum anderen lockte mich die Vorstellung, ein Ger\u00e4t im Gep\u00e4ck zu haben, das gegen Feuchtigkeit resistent ist. Ja, der Oasis darf auch in die Badewanne fallen. Allerdings wollte ich das nicht unbedingt ausprobieren. Nach einem z\u00e4hen Ringen mit mir selbst, das ich dann verlor, bestellte ich vor einigen Wochen den Oasis.<\/p>\n<h2 class=\"h2\" dir=\"auto\">Mein pers\u00f6nlicher Eindruck nach gut 8 Wochen<\/h2>\n<ol class=\"bullet indent_level_0\" dir=\"auto\" style=\"padding-top: 0;\">\n<li>Design: Das Ger\u00e4t ist leicht keilf\u00f6rmig gestaltet. Ein Randbereich ist deutlich dicker als der andere. Und das ist durchaus sinnvoll. Denn damit wird das Halten des Oasis sehr angenehm. Er liegt satt in der Hand und trotzdem k\u00f6nnen die Tasten f\u00fcr das Umbl\u00e4ttern angenehm gedr\u00fcckt werden. Insgesamt wirkt der Oasis in seiner Optik schon recht edel. Das Branding von Amazon auf der R\u00fcckseite h\u00e4tte man vielleicht etwas dezenter gestalten k\u00f6nnen, etwa wie das Windows-Logo auf dem Surface.<\/li>\n<li>Haptik: Sensationell! Der Oasis ist ein echter Handschmeichler. Auch die sch\u00f6n abgerundeten Ecken haben es mir angetan.<\/li>\n<li>Display: Erscheint mir rein vom Leseerlebnis noch ein Tick besser als beim Paperwhite zu sein. Die automatische Regelung der Helligkeit funktioniert. Und die Werbung l\u00fcgt nicht. Mit dem Oasis kann man auch im prallen Sonnenlicht wunderbar lesen. Man sollte nur auf das Eincremen nicht vergessen.<\/li>\n<li>Akkulaufzeit: Deswegen habe ich dem Beitrag diese \u00dcberschrift verpasst. Im Vergleich zum Paperwhite fordern die Technik und das Design ihren Tribut. Der Oasis h\u00e4lt leider nicht so lange durch. W\u00e4hrend der Paperwhite lediglich alle drei Wochen an das Netzteil angeschlossen wurde, ist bei Oasis bereits nach etwas \u00fcber einer Woche Schluss.<\/li>\n<\/ol>\n<p class=\"body\" dir=\"auto\">Trotz dieses kleinen Makels kann ich f\u00fcr den Oasis eine klare Kaufempfehlung geben. Das Ger\u00e4t ist formsch\u00f6n und solide verarbeitet. Und eigentlich Luxus pur.<\/p>\n<p dir=\"auto\"><img decoding=\"async\" src=\"https:\/\/ir-de.amazon-adsystem.com\/e\/ir?t=redaktionsb0f-21&l=alb&o=3&a=B06XDK92KS\" width=\"1px\" height=\"1px\" alt=\"\" style=\"position: fixed !important; bottom: -1px !important; right: -1px !important; border:none !important; margin:0px !important;\" \/> <!--Section tag for iterating through the list of items-->\n<!-- Single product Ad Template Layout. Position of the Ad can be configured by specifying pull-left or pull-right class below-->\n<div class=\"aalb-pa-ad-unit pull-left\" id=\"aalb-B06XDK92KS-DE-redaktionsb0f-21-ProductAd\">\n   <div class=\"aalb-pa-product-container\">\n                <\/div>\n   <\/div>\n\n\n<\/p>\n","protected":false},"excerpt":{"rendered":"<p>Einen E-Book-Reader von Amazon besitze ich schon seit einigen Jahren. Ich hatte seinerzeit ein Testmuster eines Tolinos der ersten Generation und einen Kindle (den mit der Tastatur) f\u00fcr einen Vergleichstest in Haus. Der Tolino war, kurz gesagt, scheu\u00dflich. Das System war schleichend langsam. Der Kindle funktionierte. So gewann der Kindle. Und ich bin dabei auch &hellip; <\/p>\n<p class=\"link-more\"><a href=\"https:\/\/news.lamprecht.net\/index.php\/2018\/06\/22\/kindle-oasis-der-fast-perfekte-e-reader\/\" class=\"more-link\"><span class=\"screen-reader-text\">\u201eKindle Oasis &#8211; der (fast) perfekte E-Reader\u201c <\/span>weiterlesen<\/a><\/p>\n","protected":false},"author":2,"featured_media":0,"comment_status":"open","ping_status":"open","sticky":false,"template":"","format":"standard","meta":{"advanced_seo_description":"","jetpack_seo_html_title":"","jetpack_seo_noindex":false,"_jetpack_memberships_contains_paid_content":false,"footnotes":"","jetpack_publicize_message":"","jetpack_publicize_feature_enabled":true,"jetpack_social_post_already_shared":true,"jetpack_social_options":{"image_generator_settings":{"template":"highway","default_image_id":0,"font":"","enabled":false},"version":2}},"categories":[1],"tags":[],"class_list":["post-3576","post","type-post","status-publish","format-standard","hentry","category-allgemein"],"wppr_data":{"cwp_meta_box_check":"No"},"jetpack_publicize_connections":[],"jetpack_featured_media_url":"","jetpack_shortlink":"https:\/\/wp.me\/pOKED-VG","jetpack_sharing_enabled":true,"jetpack-related-posts":[{"id":2128,"url":"https:\/\/news.lamprecht.net\/index.php\/2011\/06\/02\/die-zukunft-des-lesens-ist-digital-das-dauert-noch-glauben-sie-mir\/","url_meta":{"origin":3576,"position":0},"title":"Die Zukunft des Lesens ist digital? Das dauert noch, glauben Sie mir","author":"Stephan Lamprecht, Ahrensburg","date":"2\/6\/2011","format":false,"excerpt":"Amazon will nach eigenem Bekunden inzwischen mehr elektronische als klassische B\u00fccher verkaufen. Das klingt beeindruckend, oder? Bedeutet das nun, dass die digitale Zukunft des Lesens gekommen ist? Ich glaube nicht. Warum? Weil Sie ein Buch einfach aus dem Regal nehmen und \u00fcberall lesen k\u00f6nnen! Und Sie k\u00f6nnen es auch jedem\u2026","rel":"","context":"In &quot;allgemein&quot;","block_context":{"text":"allgemein","link":"https:\/\/news.lamprecht.net\/index.php\/category\/stamm\/allgemein\/"},"img":{"alt_text":"","src":"","width":0,"height":0},"classes":[]},{"id":3531,"url":"https:\/\/news.lamprecht.net\/index.php\/2018\/03\/30\/surface-pro-im-journalisten-alltag\/","url_meta":{"origin":3576,"position":1},"title":"Surface Pro im Journalisten-Alltag","author":"Stephan Lamprecht, Ahrensburg","date":"30\/3\/2018","format":false,"excerpt":"Seit einigen Jahren ist der Mac meine bevorzugte Arbeitsumgebung. Als Technik-Schreiber brauche ich aber auch regelm\u00e4\u00dfig einen Windows-Rechner, um Sachen auszuprobieren. Nachdem der letzte Rechenknecht von Asus dank Windows 10 qu\u00e4lend langsam wurde, stand eine Neuerwerbung an. Und wenn man sich erst einmal eine Weile an Optik und Haptik eines\u2026","rel":"","context":"In &quot;allgemein&quot;","block_context":{"text":"allgemein","link":"https:\/\/news.lamprecht.net\/index.php\/category\/stamm\/allgemein\/"},"img":{"alt_text":"","src":"","width":0,"height":0},"classes":[]},{"id":1064,"url":"https:\/\/news.lamprecht.net\/index.php\/2008\/06\/24\/ich-habs-getan\/","url_meta":{"origin":3576,"position":2},"title":"Ich hab&#8217;s getan","author":"Stephan Lamprecht, Ahrensburg","date":"24\/6\/2008","format":"aside","excerpt":"Nachdem auf meinem Produktivsystem seit fast vier Jahren unverzagt eine Suse 9.3 auf 64 Bit-Basis ihre Dienste verrichtet hat, habe ich mir am vergangenen Wochenende einen neuen Unterbau geg\u00f6nnt. Meine Wahl fiel auf Ubuntu, das ich durch zahlreiche Artikel und den tempor\u00e4ren Einsatz auf einem Notebook schon ganz gut kannte.\u2026","rel":"","context":"In \"Linux\"","block_context":{"text":"Linux","link":"https:\/\/news.lamprecht.net\/index.php\/tag\/linux\/"},"img":{"alt_text":"","src":"","width":0,"height":0},"classes":[]},{"id":3570,"url":"https:\/\/news.lamprecht.net\/index.php\/2018\/06\/22\/phraseexpress-auf-dem-mac-von-hinten-durch-die-brust\/","url_meta":{"origin":3576,"position":3},"title":"PhraseExpress auf dem Mac: Von hinten durch die Brust (Update1)","author":"Stephan Lamprecht, Ahrensburg","date":"22\/6\/2018","format":false,"excerpt":"Nachdem mein Surface immer mehr zum prim\u00e4ren Arbeitsger\u00e4t wurde, habe ich mir eine Pro-Version von PhraseExpress geg\u00f6nnt. Es ist seit vielen Jahren durchaus freundlich besprochen und bietet mit seiner Funktion der Historie f\u00fcr die Zwischenablage, wobei man die Inhalte dann nach eigenen Belieben getrennt ausgeben kann, etwas, was ich auch\u2026","rel":"","context":"In &quot;allgemein&quot;","block_context":{"text":"allgemein","link":"https:\/\/news.lamprecht.net\/index.php\/category\/stamm\/allgemein\/"},"img":{"alt_text":"","src":"","width":0,"height":0},"classes":[]},{"id":2324,"url":"https:\/\/news.lamprecht.net\/index.php\/2012\/09\/16\/erfahrungen-mit-dem-google-nexus-7-kein-ipad-killer\/","url_meta":{"origin":3576,"position":4},"title":"Erfahrungen mit dem Google Nexus 7 &#8211; (k)ein iPad Killer","author":"Stephan Lamprecht, Ahrensburg","date":"16\/9\/2012","format":false,"excerpt":"Seit 14 Tagen bereichert das Google Nexus 7 Tablet den Ger\u00e4tepark in unserem Haushalt. Viel wurde in der Vorberichterstattung dazu bereits geschrieben. Sogar von einem \u00e2\u20ac\u0153iPad-Killer\u00e2\u20ac\u009d war vereinzelt die Rede. Gen\u00fcgend Vorschusslorbeeren f\u00fcr ein kleines Tablet also. Bestellung und Unboxing Ich habe am Erstverkaufstag das Nexus direkt im Google PlayStore\u2026","rel":"","context":"In &quot;allgemein&quot;","block_context":{"text":"allgemein","link":"https:\/\/news.lamprecht.net\/index.php\/category\/stamm\/allgemein\/"},"img":{"alt_text":"","src":"https:\/\/i0.wp.com\/news.lamprecht.net\/wp-content\/uploads\/swiftkey-tablet-android-tm.jpg?resize=350%2C200&ssl=1","width":350,"height":200},"classes":[]},{"id":1726,"url":"https:\/\/news.lamprecht.net\/index.php\/2009\/12\/23\/installations-desaster-staroffice-9-unter-ubuntu\/","url_meta":{"origin":3576,"position":5},"title":"Installations-Desaster StarOffice 9 unter Ubuntu","author":"Stephan Lamprecht, Ahrensburg","date":"23\/12\/2009","format":"aside","excerpt":"Es wurde Zeit f\u00fcr einen Wechsel auf meinem Produktivsystem. Fast h\u00e4tte sogar Windows das Rennen gemacht, denn offen gestanden, zehrt die ewige Bastelei an einem Linux-System schon an den Nerven. Nach dem das Update auf die Suse 11.2 dazu f\u00fchrte, dass, obwohl \"Aktualisierung\" ausgew\u00e4hlt wurde, mein PC so viel Multimedia\u2026","rel":"","context":"In &quot;allgemein&quot;","block_context":{"text":"allgemein","link":"https:\/\/news.lamprecht.net\/index.php\/category\/stamm\/allgemein\/"},"img":{"alt_text":"","src":"","width":0,"height":0},"classes":[]}],"_links":{"self":[{"href":"https:\/\/news.lamprecht.net\/index.php\/wp-json\/wp\/v2\/posts\/3576","targetHints":{"allow":["GET"]}}],"collection":[{"href":"https:\/\/news.lamprecht.net\/index.php\/wp-json\/wp\/v2\/posts"}],"about":[{"href":"https:\/\/news.lamprecht.net\/index.php\/wp-json\/wp\/v2\/types\/post"}],"author":[{"embeddable":true,"href":"https:\/\/news.lamprecht.net\/index.php\/wp-json\/wp\/v2\/users\/2"}],"replies":[{"embeddable":true,"href":"https:\/\/news.lamprecht.net\/index.php\/wp-json\/wp\/v2\/comments?post=3576"}],"version-history":[{"count":6,"href":"https:\/\/news.lamprecht.net\/index.php\/wp-json\/wp\/v2\/posts\/3576\/revisions"}],"predecessor-version":[{"id":3582,"href":"https:\/\/news.lamprecht.net\/index.php\/wp-json\/wp\/v2\/posts\/3576\/revisions\/3582"}],"wp:attachment":[{"href":"https:\/\/news.lamprecht.net\/index.php\/wp-json\/wp\/v2\/media?parent=3576"}],"wp:term":[{"taxonomy":"category","embeddable":true,"href":"https:\/\/news.lamprecht.net\/index.php\/wp-json\/wp\/v2\/categories?post=3576"},{"taxonomy":"post_tag","embeddable":true,"href":"https:\/\/news.lamprecht.net\/index.php\/wp-json\/wp\/v2\/tags?post=3576"}],"curies":[{"name":"wp","href":"https:\/\/api.w.org\/{rel}","templated":true}]}}