{"id":25,"date":"2005-02-10T12:40:43","date_gmt":"2005-02-10T11:40:43","guid":{"rendered":"https:\/\/news.lamprecht.net\/?p=25"},"modified":"2005-02-25T12:56:34","modified_gmt":"2005-02-25T11:56:34","slug":"zeit-gedanke-3","status":"publish","type":"post","link":"https:\/\/news.lamprecht.net\/index.php\/2005\/02\/10\/zeit-gedanke-3\/","title":{"rendered":"Zeit Gedanke 3"},"content":{"rendered":"<p>&#8220;Unp\u00fcnktliche Menschen vergeuden anderer Leute Zeit, als w\u00e4re es ihre eigene&#8221;. Gefunden in meinem Zeitplanbuch.<\/p>\n","protected":false},"excerpt":{"rendered":"<p>&#8220;Unp\u00fcnktliche Menschen vergeuden anderer Leute Zeit, als w\u00e4re es ihre eigene&#8221;. Gefunden in meinem Zeitplanbuch.<\/p>\n","protected":false},"author":2,"featured_media":0,"comment_status":"open","ping_status":"closed","sticky":false,"template":"","format":"aside","meta":{"advanced_seo_description":"","jetpack_seo_html_title":"","jetpack_seo_noindex":false,"_jetpack_memberships_contains_paid_content":false,"footnotes":"","jetpack_publicize_message":"","jetpack_publicize_feature_enabled":true,"jetpack_social_post_already_shared":false,"jetpack_social_options":{"image_generator_settings":{"template":"highway","default_image_id":0,"font":"","enabled":false},"version":2}},"categories":[],"tags":[7],"class_list":["post-25","post","type-post","status-publish","format-aside","hentry","tag-zeit-gedanken","post_format-post-format-aside"],"wppr_data":[],"jetpack_publicize_connections":[],"jetpack_featured_media_url":"","jetpack_shortlink":"https:\/\/wp.me\/pOKED-p","jetpack_sharing_enabled":true,"jetpack-related-posts":[{"id":13,"url":"https:\/\/news.lamprecht.net\/index.php\/2005\/02\/01\/zeit-gedanke-2\/","url_meta":{"origin":25,"position":0},"title":"Zeit-Gedanke 2","author":"Stephan Lamprecht, Ahrensburg","date":"1\/2\/2005","format":"aside","excerpt":"\"Die wirklich t\u00e4tigen Menschen erkennt man daran, dass sie Zeit haben.\" - Jules Romains, gefunden bei Wikiquote","rel":"","context":"In \"Zeit-Gedanken\"","block_context":{"text":"Zeit-Gedanken","link":"https:\/\/news.lamprecht.net\/index.php\/tag\/zeit-gedanken\/"},"img":{"alt_text":"","src":"","width":0,"height":0},"classes":[]},{"id":28,"url":"https:\/\/news.lamprecht.net\/index.php\/2005\/02\/13\/zeit-gedanke-4\/","url_meta":{"origin":25,"position":1},"title":"Zeit-Gedanke 4","author":"Stephan Lamprecht, Ahrensburg","date":"13\/2\/2005","format":"aside","excerpt":"Kann man die Zeit erz\u00e4hlen, diese selbst, als solche, an und f\u00fcr sich? Wahrhaftig, nein, das w\u00e4re ein n\u00e4rrisches Unterfangen! Eine Erz\u00e4hlung, die ginge: \u00c2\u00bbDie Zeit verflo\u00df, sie verrann, es str\u00f6mte die Zeit\u00c2\u00ab und so immer fort, \u00e2\u20ac\u201c das k\u00f6nnte gesunden Sinnes wohl niemand eine Erz\u00e4hlung nennen. Es w\u00e4re, als\u2026","rel":"","context":"In \"Zeit-Gedanken\"","block_context":{"text":"Zeit-Gedanken","link":"https:\/\/news.lamprecht.net\/index.php\/tag\/zeit-gedanken\/"},"img":{"alt_text":"","src":"","width":0,"height":0},"classes":[]},{"id":41,"url":"https:\/\/news.lamprecht.net\/index.php\/2005\/02\/25\/zeit-gedanke-5\/","url_meta":{"origin":25,"position":2},"title":"Zeit-Gedanke 5","author":"Stephan Lamprecht, Ahrensburg","date":"25\/2\/2005","format":"aside","excerpt":"\"Keine Zukunft vermag gutzumachen, was du in der Gegenwart vers\u00e4umst.\" (Albert Schweitzer) Gefunden im Newsletter 08\/02-2005 des Seiwert-Institut.","rel":"","context":"In \"Zeit-Gedanken\"","block_context":{"text":"Zeit-Gedanken","link":"https:\/\/news.lamprecht.net\/index.php\/tag\/zeit-gedanken\/"},"img":{"alt_text":"","src":"","width":0,"height":0},"classes":[]},{"id":11,"url":"https:\/\/news.lamprecht.net\/index.php\/2005\/01\/31\/ein-zeit-gedanke\/","url_meta":{"origin":25,"position":3},"title":"Zeit-Gedanke 1","author":"Stephan Lamprecht, Ahrensburg","date":"31\/1\/2005","format":"aside","excerpt":"Ich trage nie eine Uhr. Uhren sind Peitschen f\u00fcr all jene, die sich als Rennpferde missbrauchen lassen. (Fran\u00c3\u00a7ois Mitterand); aus Zeitbrief Nummer 58.","rel":"","context":"In \"Zeit-Gedanken\"","block_context":{"text":"Zeit-Gedanken","link":"https:\/\/news.lamprecht.net\/index.php\/tag\/zeit-gedanken\/"},"img":{"alt_text":"","src":"","width":0,"height":0},"classes":[]},{"id":754,"url":"https:\/\/news.lamprecht.net\/index.php\/2007\/05\/20\/verhinderter-e-commerce-teil-2\/","url_meta":{"origin":25,"position":4},"title":"Verhinderter E-Commerce &#8211; Teil 2","author":"Stephan Lamprecht, Ahrensburg","date":"20\/5\/2007","format":"aside","excerpt":"Wo wir gerade beim Thema sind: Vor einer Woche kam ich auf den Gedanken, meinem Filius, der am Donnerstag Geburtstag hatte, noch eine Kleinigkeit bei Mytoys.de bestellen zu wollen. Da die Zeit knapp wurde, entschied ich mich f\u00fcr die Option \"Expressversand\". Dies versprach, dass die Ware bis am Mittwoch vor\u2026","rel":"","context":"In &quot;allgemein&quot;","block_context":{"text":"allgemein","link":"https:\/\/news.lamprecht.net\/index.php\/category\/stamm\/allgemein\/"},"img":{"alt_text":"","src":"","width":0,"height":0},"classes":[]},{"id":2040,"url":"https:\/\/news.lamprecht.net\/index.php\/2011\/02\/03\/berater-fur-zeit-und-selbstmanagement-aufgepasst\/","url_meta":{"origin":25,"position":5},"title":"Berater f\u00fcr Zeit- und Selbstmanagement aufgepasst!","author":"Stephan Lamprecht, Ahrensburg","date":"3\/2\/2011","format":"aside","excerpt":"Sie zeigen anderen Menschen, wie Sie sich besser organisieren k\u00f6nnen? Sie geben Seminare zum Thema Selbst- und Zeitmanagement? Sie entwickeln mit Ihren Kunden Strategien, wie diese dauerhaft Ordnung am Arbeitsplatz und Daheim schaffen? Dann tragen Sie sich doch bitte in das Verzeichnis deutschsprachiger Berater f\u00fcr Zeit- und Selbstmanagement ein. Auf\u2026","rel":"","context":"In &quot;allgemein&quot;","block_context":{"text":"allgemein","link":"https:\/\/news.lamprecht.net\/index.php\/category\/stamm\/allgemein\/"},"img":{"alt_text":"","src":"","width":0,"height":0},"classes":[]}],"_links":{"self":[{"href":"https:\/\/news.lamprecht.net\/index.php\/wp-json\/wp\/v2\/posts\/25","targetHints":{"allow":["GET"]}}],"collection":[{"href":"https:\/\/news.lamprecht.net\/index.php\/wp-json\/wp\/v2\/posts"}],"about":[{"href":"https:\/\/news.lamprecht.net\/index.php\/wp-json\/wp\/v2\/types\/post"}],"author":[{"embeddable":true,"href":"https:\/\/news.lamprecht.net\/index.php\/wp-json\/wp\/v2\/users\/2"}],"replies":[{"embeddable":true,"href":"https:\/\/news.lamprecht.net\/index.php\/wp-json\/wp\/v2\/comments?post=25"}],"version-history":[{"count":0,"href":"https:\/\/news.lamprecht.net\/index.php\/wp-json\/wp\/v2\/posts\/25\/revisions"}],"wp:attachment":[{"href":"https:\/\/news.lamprecht.net\/index.php\/wp-json\/wp\/v2\/media?parent=25"}],"wp:term":[{"taxonomy":"category","embeddable":true,"href":"https:\/\/news.lamprecht.net\/index.php\/wp-json\/wp\/v2\/categories?post=25"},{"taxonomy":"post_tag","embeddable":true,"href":"https:\/\/news.lamprecht.net\/index.php\/wp-json\/wp\/v2\/tags?post=25"}],"curies":[{"name":"wp","href":"https:\/\/api.w.org\/{rel}","templated":true}]}}