{"id":2230,"date":"2011-08-25T08:12:35","date_gmt":"2011-08-25T06:12:35","guid":{"rendered":"https:\/\/news.lamprecht.net\/index.php\/2011\/08\/25\/das-perfekte-setup-fur-autoren\/"},"modified":"2011-08-25T08:12:35","modified_gmt":"2011-08-25T06:12:35","slug":"das-perfekte-setup-fur-autoren","status":"publish","type":"post","link":"https:\/\/news.lamprecht.net\/index.php\/2011\/08\/25\/das-perfekte-setup-fur-autoren\/","title":{"rendered":"Das perfekte Setup f\u00fcr Autoren"},"content":{"rendered":"<p>Ich sitze t\u00e4glich viele Stunden am Computer und verbringe die Zeit mit Schreiben. Aus meiner Sicht die optimale Arbeitsumgebung sehen Sie auf diesem Screenshot.<\/p>\n<p>\n<a href=\"https:\/\/i0.wp.com\/news.lamprecht.net\/wp-content\/uploads\/scrivener-screen.jpg?ssl=1\"><img data-recalc-dims=\"1\" loading=\"lazy\" decoding=\"async\" src=\"https:\/\/i0.wp.com\/news.lamprecht.net\/wp-content\/uploads\/scrivener-screen-tm.jpg?resize=410%2C253&#038;ssl=1\" width=\"410\" height=\"253\" alt=\"Scrivener mit Markdown Nitti und Solarized\" \/><\/a><\/p>\n<p>In <strong><a href=\"(http:\/\/www.literatureandlatte.com\/scrivener.php)\">Scrivener<\/a><\/strong> entstehen alle meine Texte. Ein geniales Programm, mit dem umfangreiche und k\u00fcrzere Texte entstehen. Tolle Funktionen f\u00fcr die Verwaltung von Recherchematerial und dem Manuskript. Und ein genialer Vollbildmodus.<\/p>\n<p>Als Farbschema habe ich mir <strong><a href=\"(http:\/\/ethanschoonover.com\/solarized)\">Solarized<\/a><\/strong> installiert, das ich in fast allen Programmen eingerichtet habe, die ich st\u00e4ndig und lange nutze. Als Font kommt <strong><a href=\"(http:\/\/www.boldmonday.com\/en\/nitti_overview)\">Nitti<\/a><\/strong> zum Einsatz. Ich habe subjektiv wenigstens den Eindruck, deutlich weniger zu erm\u00fcden.<\/p>\n<p>Schlie\u00dflich muss ich noch <strong><a href=\"(http:\/\/www.mdk.org.pl\/2009\/2\/10\/quicklook-for-markdown)\">Quicklook for Markdown<\/a><\/strong> loben. Damit k\u00f6nnen Sie sich auch Markdown-Dateien direkt im Finder in der Vorschau ansehen. Dieses Setup ist sicherlich nicht f\u00fcr jeden geeignet, aber f\u00fcr mich ist es perfekt!<\/p>\n","protected":false},"excerpt":{"rendered":"<p>Ich sitze t\u00e4glich viele Stunden am Computer und verbringe die Zeit mit Schreiben. Aus meiner Sicht die optimale Arbeitsumgebung sehen Sie auf diesem Screenshot. In Scrivener entstehen alle meine Texte. Ein geniales Programm, mit dem umfangreiche und k\u00fcrzere Texte entstehen. Tolle Funktionen f\u00fcr die Verwaltung von Recherchematerial und dem Manuskript. Und ein genialer Vollbildmodus. Als &hellip; <\/p>\n<p class=\"link-more\"><a href=\"https:\/\/news.lamprecht.net\/index.php\/2011\/08\/25\/das-perfekte-setup-fur-autoren\/\" class=\"more-link\"><span class=\"screen-reader-text\">\u201eDas perfekte Setup f\u00fcr Autoren\u201c <\/span>weiterlesen<\/a><\/p>\n","protected":false},"author":2,"featured_media":0,"comment_status":"open","ping_status":"open","sticky":false,"template":"","format":"standard","meta":{"advanced_seo_description":"","jetpack_seo_html_title":"","jetpack_seo_noindex":false,"_jetpack_memberships_contains_paid_content":false,"footnotes":"","jetpack_publicize_message":"","jetpack_publicize_feature_enabled":true,"jetpack_social_post_already_shared":false,"jetpack_social_options":{"image_generator_settings":{"template":"highway","default_image_id":0,"font":"","enabled":false},"version":2}},"categories":[1],"tags":[94,255,254,33],"class_list":["post-2230","post","type-post","status-publish","format-standard","hentry","category-allgemein","tag-autoren","tag-markdown","tag-scrivener","tag-tools"],"wppr_data":[],"jetpack_publicize_connections":[],"jetpack_featured_media_url":"","jetpack_shortlink":"https:\/\/wp.me\/pOKED-zY","jetpack_sharing_enabled":true,"jetpack-related-posts":[{"id":2368,"url":"https:\/\/news.lamprecht.net\/index.php\/2013\/02\/12\/mit-diesen-werkzeugen-arbeite-ich\/","url_meta":{"origin":2230,"position":0},"title":"Mit diesen Werkzeugen arbeite ich","author":"Stephan Lamprecht, Ahrensburg","date":"12\/2\/2013","format":false,"excerpt":"Diesen Artikel habe ich nun schon eine Weile aufgeschoben. In den vergangenen Jahren kamen zwar immer mal wieder pers\u00f6nliche Mails, die um einen Software-Tipps gebeten hatten, aber irgendwie fehlte mir der ausschlaggebende Impuls, um mal ein paar Worte \u00fcber meine Ausr\u00fcstung zu verlieren. Vor einigen Wochen habe ich indes die\u2026","rel":"","context":"In &quot;allgemein&quot;","block_context":{"text":"allgemein","link":"https:\/\/news.lamprecht.net\/index.php\/category\/stamm\/allgemein\/"},"img":{"alt_text":"","src":"","width":0,"height":0},"classes":[]},{"id":2257,"url":"https:\/\/news.lamprecht.net\/index.php\/2011\/12\/07\/neues-buch-fertig-gestellt-komplett-in-markdown\/","url_meta":{"origin":2230,"position":1},"title":"Neues Buch fertig gestellt &#8211; komplett in Markdown","author":"Stephan Lamprecht, Ahrensburg","date":"7\/12\/2011","format":false,"excerpt":"Gestern hat das Manuskript f\u00fcr ein neues Buch mein Haus verlassen und wurde per FTP auf den Server des Verlags geladen. Es wird Anfang kommenden Jahres erscheinen und besch\u00e4ftigt sich mit dem Social Networking im Business. Auf knappen 140 Seiten gibt es eine komprimierte Darstellung und Empfehlungen, wie sich mit\u2026","rel":"","context":"In &quot;allgemein&quot;","block_context":{"text":"allgemein","link":"https:\/\/news.lamprecht.net\/index.php\/category\/stamm\/allgemein\/"},"img":{"alt_text":"","src":"","width":0,"height":0},"classes":[]},{"id":3836,"url":"https:\/\/news.lamprecht.net\/index.php\/2026\/04\/03\/vom-software-zoo-zur-werkzeugkiste-mein-aktuelles-setup\/","url_meta":{"origin":2230,"position":2},"title":"Vom Software-Zoo zur Werkzeugkiste: Mein aktuelles Setup","author":"Stephan Lamprecht, Ahrensburg","date":"3\/4\/2026","format":false,"excerpt":"Lange habe ich nichts \u00fcber meine Arbeitstools geschrieben. Zeit f\u00fcr ein Update, denn fast alles hat sich ver\u00e4ndert. Hardware Mein aktueller Hauptrechner ist ein Mac Mini mit M4-Prozessor und gro\u00dfer SSD. Der Vorg\u00e4nger lief noch tadellos und war schnell genug. Aber der kompakte Formfaktor hat mich gereizt, also habe ich\u2026","rel":"","context":"In &quot;allgemein&quot;","block_context":{"text":"allgemein","link":"https:\/\/news.lamprecht.net\/index.php\/category\/stamm\/allgemein\/"},"img":{"alt_text":"Meine Tools","src":"https:\/\/i0.wp.com\/news.lamprecht.net\/wp-content\/uploads\/header-tools.png?fit=1200%2C675&ssl=1&resize=350%2C200","width":350,"height":200,"srcset":"https:\/\/i0.wp.com\/news.lamprecht.net\/wp-content\/uploads\/header-tools.png?fit=1200%2C675&ssl=1&resize=350%2C200 1x, https:\/\/i0.wp.com\/news.lamprecht.net\/wp-content\/uploads\/header-tools.png?fit=1200%2C675&ssl=1&resize=525%2C300 1.5x, https:\/\/i0.wp.com\/news.lamprecht.net\/wp-content\/uploads\/header-tools.png?fit=1200%2C675&ssl=1&resize=700%2C400 2x, https:\/\/i0.wp.com\/news.lamprecht.net\/wp-content\/uploads\/header-tools.png?fit=1200%2C675&ssl=1&resize=1050%2C600 3x"},"classes":[]},{"id":2384,"url":"https:\/\/news.lamprecht.net\/index.php\/2013\/03\/27\/neues-buch-erschienen-und-weitere-in-arbeit\/","url_meta":{"origin":2230,"position":3},"title":"Neues Buch erschienen und weitere in Arbeit","author":"Stephan Lamprecht, Ahrensburg","date":"27\/3\/2013","format":false,"excerpt":"Das Erscheinen eines neuen Buches ist vielleicht eine gute Gelegenheit, an dieser Stelle mal wieder \u00fcber aktuelle Projekte zu berichten. Zun\u00e4chst freut es mich sehr, dass mein aktuellstes Werk Mein Business, mein B\u00fcro, mein Mac: Mac f\u00fcr Unternehmer und Freiberufler gerade erschienen ist und ausgeliefert wird. Ich habe in den\u2026","rel":"","context":"In &quot;allgemein&quot;","block_context":{"text":"allgemein","link":"https:\/\/news.lamprecht.net\/index.php\/category\/stamm\/allgemein\/"},"img":{"alt_text":"","src":"http:\/\/www.assoc-amazon.de\/e\/ir?t=redaktionsb0f-21&l=as2&o=3&a=3944165012","width":350,"height":200},"classes":[]},{"id":3531,"url":"https:\/\/news.lamprecht.net\/index.php\/2018\/03\/30\/surface-pro-im-journalisten-alltag\/","url_meta":{"origin":2230,"position":4},"title":"Surface Pro im Journalisten-Alltag","author":"Stephan Lamprecht, Ahrensburg","date":"30\/3\/2018","format":false,"excerpt":"Seit einigen Jahren ist der Mac meine bevorzugte Arbeitsumgebung. Als Technik-Schreiber brauche ich aber auch regelm\u00e4\u00dfig einen Windows-Rechner, um Sachen auszuprobieren. Nachdem der letzte Rechenknecht von Asus dank Windows 10 qu\u00e4lend langsam wurde, stand eine Neuerwerbung an. Und wenn man sich erst einmal eine Weile an Optik und Haptik eines\u2026","rel":"","context":"In &quot;allgemein&quot;","block_context":{"text":"allgemein","link":"https:\/\/news.lamprecht.net\/index.php\/category\/stamm\/allgemein\/"},"img":{"alt_text":"","src":"","width":0,"height":0},"classes":[]},{"id":3667,"url":"https:\/\/news.lamprecht.net\/index.php\/2020\/06\/01\/individuelle-absatzformate-in-pandoc-und-word-verwenden\/","url_meta":{"origin":2230,"position":5},"title":"Individuelle Absatzformate in Pandoc und Word verwenden","author":"Stephan Lamprecht, Ahrensburg","date":"1\/6\/2020","format":false,"excerpt":"Seit Jahren schreibe ich alle meine Artikel und Blogbeitr\u00e4ge in Markdown. F\u00fcr die Konvertierung nutze ich Pandoc. Das unterst\u00fctzt inzwischen derma\u00dfen viele Formate, dass ich wirklich jeden Kundenwunsch in Sachen Ausgabeformate erf\u00fcllen kann. Der Einsatz von Markdown bietet mir diese Vorteile: Die Zeitersparnis beim Schreiben: Das beginnt bereits damit, dass\u2026","rel":"","context":"In &quot;allgemein&quot;","block_context":{"text":"allgemein","link":"https:\/\/news.lamprecht.net\/index.php\/category\/stamm\/allgemein\/"},"img":{"alt_text":"","src":"https:\/\/i0.wp.com\/news.lamprecht.net\/wp-content\/uploads\/terminal.png?resize=350%2C200","width":350,"height":200,"srcset":"https:\/\/i0.wp.com\/news.lamprecht.net\/wp-content\/uploads\/terminal.png?resize=350%2C200 1x, https:\/\/i0.wp.com\/news.lamprecht.net\/wp-content\/uploads\/terminal.png?resize=525%2C300 1.5x, https:\/\/i0.wp.com\/news.lamprecht.net\/wp-content\/uploads\/terminal.png?resize=700%2C400 2x, https:\/\/i0.wp.com\/news.lamprecht.net\/wp-content\/uploads\/terminal.png?resize=1050%2C600 3x"},"classes":[]}],"_links":{"self":[{"href":"https:\/\/news.lamprecht.net\/index.php\/wp-json\/wp\/v2\/posts\/2230","targetHints":{"allow":["GET"]}}],"collection":[{"href":"https:\/\/news.lamprecht.net\/index.php\/wp-json\/wp\/v2\/posts"}],"about":[{"href":"https:\/\/news.lamprecht.net\/index.php\/wp-json\/wp\/v2\/types\/post"}],"author":[{"embeddable":true,"href":"https:\/\/news.lamprecht.net\/index.php\/wp-json\/wp\/v2\/users\/2"}],"replies":[{"embeddable":true,"href":"https:\/\/news.lamprecht.net\/index.php\/wp-json\/wp\/v2\/comments?post=2230"}],"version-history":[{"count":0,"href":"https:\/\/news.lamprecht.net\/index.php\/wp-json\/wp\/v2\/posts\/2230\/revisions"}],"wp:attachment":[{"href":"https:\/\/news.lamprecht.net\/index.php\/wp-json\/wp\/v2\/media?parent=2230"}],"wp:term":[{"taxonomy":"category","embeddable":true,"href":"https:\/\/news.lamprecht.net\/index.php\/wp-json\/wp\/v2\/categories?post=2230"},{"taxonomy":"post_tag","embeddable":true,"href":"https:\/\/news.lamprecht.net\/index.php\/wp-json\/wp\/v2\/tags?post=2230"}],"curies":[{"name":"wp","href":"https:\/\/api.w.org\/{rel}","templated":true}]}}