{"id":208,"date":"2005-06-01T20:01:04","date_gmt":"2005-06-01T18:01:04","guid":{"rendered":"https:\/\/news.lamprecht.net\/index.php\/06\/01\/google-mit-eigener-startseite\/"},"modified":"2005-06-01T20:02:13","modified_gmt":"2005-06-01T18:02:13","slug":"google-mit-eigener-startseite","status":"publish","type":"post","link":"https:\/\/news.lamprecht.net\/index.php\/2005\/06\/01\/google-mit-eigener-startseite\/","title":{"rendered":"Google mit eigener Startseite"},"content":{"rendered":"<p>Wer die URL <a href=\"http:\/\/www.google.com\/ig\">http:\/\/www.google.com\/ig<\/a> aufruft, trifft auf die neue personalisierbare Homepage von Google.<br \/>\n<a href=\"https:\/\/i0.wp.com\/news.lamprecht.net\/wp-content\/images\/google_home.jpg?ssl=1\"><img data-recalc-dims=\"1\" decoding=\"async\" src=\"https:\/\/i0.wp.com\/news.lamprecht.net\/wp-content\/images\/thumb-google_home.jpg?w=525&#038;ssl=1\" alt=\"Startseite von Google\" \/><\/a><\/p>\n<p>Insbesondere die Nutzer von Googles Mailservice werden die neuen M\u00f6glichkeiten schnell zu sch\u00e4tzen wissen, haben Sie damit auf der Suchseite direkten Zugriff auf  neuen Nachrichten. <\/p>\n<p>Leider steht die neue Startseite noch nicht in einer lokalisierten Version zur Verf\u00fcgung. So k\u00f6nnen noch keine Wetterdaten aus dem deutschsprachigen Raum genutzt werden. Zugleich zeigt der Service sehr sch\u00f6n, wie sich ein Produkt weiterentwickeln l\u00e4\u00dft, ohne die Anwender zu \u00fcberfordern. Die neue Startseite ist schlicht und schnell. Genauso eben, wie sich Google seinen Platz unter den Suchmaschinen erobert hat.<\/p>\n","protected":false},"excerpt":{"rendered":"<p>Wer die URL http:\/\/www.google.com\/ig aufruft, trifft auf die neue personalisierbare Homepage von Google. Insbesondere die Nutzer von Googles Mailservice werden die neuen M\u00f6glichkeiten schnell zu sch\u00e4tzen wissen, haben Sie damit auf der Suchseite direkten Zugriff auf neuen Nachrichten. Leider steht die neue Startseite noch nicht in einer lokalisierten Version zur Verf\u00fcgung. So k\u00f6nnen noch keine &hellip; <\/p>\n<p class=\"link-more\"><a href=\"https:\/\/news.lamprecht.net\/index.php\/2005\/06\/01\/google-mit-eigener-startseite\/\" class=\"more-link\"><span class=\"screen-reader-text\">\u201eGoogle mit eigener Startseite\u201c <\/span>weiterlesen<\/a><\/p>\n","protected":false},"author":2,"featured_media":0,"comment_status":"open","ping_status":"open","sticky":false,"template":"","format":"aside","meta":{"advanced_seo_description":"","jetpack_seo_html_title":"","jetpack_seo_noindex":false,"_jetpack_memberships_contains_paid_content":false,"footnotes":"","jetpack_publicize_message":"","jetpack_publicize_feature_enabled":true,"jetpack_social_post_already_shared":false,"jetpack_social_options":{"image_generator_settings":{"template":"highway","default_image_id":0,"font":"","enabled":false},"version":2}},"categories":[],"tags":[6],"class_list":["post-208","post","type-post","status-publish","format-aside","hentry","tag-bookmarks","post_format-post-format-aside"],"wppr_data":[],"jetpack_publicize_connections":[],"jetpack_featured_media_url":"","jetpack_shortlink":"https:\/\/wp.me\/pOKED-3m","jetpack_sharing_enabled":true,"jetpack-related-posts":[{"id":334,"url":"https:\/\/news.lamprecht.net\/index.php\/2005\/10\/12\/google-bookmarkt-nun-auch\/","url_meta":{"origin":208,"position":0},"title":"Google nun auch mit Bookmark-Verwaltung","author":"Stephan Lamprecht, Ahrensburg","date":"12\/10\/2005","format":"aside","excerpt":"Ganz still wurde die noch immer namenlose personalisierbare Startseite von Google um eine Funktion erweitert, mit der sich Bookmarks anlegen lassen. Bisher beschr\u00e4nkt sich das auf ein einfaches Eintragen, einen Import oder eine Social-Komponente sucht der geneigte Anwender noch vergeblich. Interessanterweise gibt es dort zwei Ans\u00e4tze zum Bookmarken. Auf der\u2026","rel":"","context":"In \"Software\"","block_context":{"text":"Software","link":"https:\/\/news.lamprecht.net\/index.php\/tag\/software\/"},"img":{"alt_text":"Bookmark Sektion von Google IG","src":"https:\/\/i0.wp.com\/news.lamprecht.net\/wp-content\/images\/googlebookmarks.jpg?resize=350%2C200&ssl=1","width":350,"height":200},"classes":[]},{"id":118,"url":"https:\/\/news.lamprecht.net\/index.php\/2005\/04\/04\/yahoos-neue-gemeinschaft-eher-lau-als-360-grad\/","url_meta":{"origin":208,"position":1},"title":"Yahoos neue Gemeinschaft &#8211; eher lau als 360 Grad","author":"Stephan Lamprecht, Ahrensburg","date":"4\/4\/2005","format":"aside","excerpt":"Mit \"Yahoo 360 ^o^\":http:\/\/360.yahoo.com, das sich derzeit noch in der Betaphase befindet, versucht Yahoo eine neue Community-Plattform zu etablieren. Mein erster Eindruck ist, dass das Yahoo-Management hier versucht, auf alle derzeit fahrenden und so modern scheinenden Z\u00fcge des WWW zugleich aufzuspringen. Yahoo 360^o^ ist: * ein Blog * ein Social-Network\u2026","rel":"","context":"In \"Bookmarks\"","block_context":{"text":"Bookmarks","link":"https:\/\/news.lamprecht.net\/index.php\/tag\/bookmarks\/"},"img":{"alt_text":"","src":"","width":0,"height":0},"classes":[]},{"id":144,"url":"https:\/\/news.lamprecht.net\/index.php\/2005\/04\/22\/greifen-sie-mit-google-auf-gespeicherte-suchanfragen-zu\/","url_meta":{"origin":208,"position":2},"title":"Greifen Sie mit Google auf gespeicherte Suchanfragen zu","author":"Stephan Lamprecht, Ahrensburg","date":"22\/4\/2005","format":"aside","excerpt":"Dass \"Google\":http:\/\/www.google.com die Suchabfragen seiner Besucher speichert und auswertet, d\u00fcrfte hinl\u00e4nglich bekannt sein. Nun stellt der Dienst eine neues Angebot vor, das sich noch im Betastadium befindet, dem Nutzer aber die M\u00f6glichkeit bietet, auf seine bisher durchgef\u00fchrten Suchabfragen wieder zuzugreifen. F\u00fcr die Nutzung ist einen Registrierung n\u00f6tig. Sofern Sie bereits\u2026","rel":"","context":"In \"Bookmarks\"","block_context":{"text":"Bookmarks","link":"https:\/\/news.lamprecht.net\/index.php\/tag\/bookmarks\/"},"img":{"alt_text":"","src":"","width":0,"height":0},"classes":[]},{"id":373,"url":"https:\/\/news.lamprecht.net\/index.php\/2005\/12\/05\/wer-seine-bookmarks-lieber-fur-sich-behalt\/","url_meta":{"origin":208,"position":3},"title":"Wer seine Bookmarks lieber f\u00fcr sich beh\u00e4lt&#8230;","author":"Stephan Lamprecht, Ahrensburg","date":"5\/12\/2005","format":"aside","excerpt":"wechselt zu LookLater. Eine neue Plattform f\u00fcr die zentrale Lesezeichenverwaltung, die sich in Aufmachung und Bedienung an del.icio.us orientiert, aber auf dessen soziale Komponente verzichtet. Tags oder Kategorien sucht der Anwender (noch) vergeblich, letztere sind aber bereits angek\u00fcndigt. Auch die Suche soll noch erweitert werden. Die Lesezeichen selbst werden \u00fcber\u2026","rel":"","context":"In \"Socialsoftware\"","block_context":{"text":"Socialsoftware","link":"https:\/\/news.lamprecht.net\/index.php\/tag\/socialsoftware\/"},"img":{"alt_text":"Logo von Looklater","src":"https:\/\/i0.wp.com\/news.lamprecht.net\/wp-content\/images\/looklater1.jpg?resize=350%2C200&ssl=1","width":350,"height":200},"classes":[]},{"id":468,"url":"https:\/\/news.lamprecht.net\/index.php\/2006\/05\/12\/buzzshout-erzahlen-sie-von-ihren-web-20-favoriten\/","url_meta":{"origin":208,"position":4},"title":"Buzzshout &#8211; Erz\u00e4hlen Sie von Ihren Web 2.0-Favoriten","author":"Stephan Lamprecht, Ahrensburg","date":"12\/5\/2006","format":"aside","excerpt":"Angebote, die das Surfen im Web zu einem Gemeinschaftserlebnis machen, sind vielleicht nicht mehr ganz so trendy wie noch vor einem halben Jahr, machen aber nach wie vor Spa\u00df. W\u00e4hrend bei digg die Nutzer selbst in der Hand haben, welche Geschichten und Angebote es auf die Startseite des Dienstes haben,\u2026","rel":"","context":"In \"Socialsoftware\"","block_context":{"text":"Socialsoftware","link":"https:\/\/news.lamprecht.net\/index.php\/tag\/socialsoftware\/"},"img":{"alt_text":"Oberfl\u00e4che BuzzShout","src":"https:\/\/i0.wp.com\/news.lamprecht.net\/wp-content\/images\/thumb-buzzshout.jpg?resize=350%2C200&ssl=1","width":350,"height":200},"classes":[]},{"id":1334,"url":"https:\/\/news.lamprecht.net\/index.php\/2009\/03\/30\/die-dinge-mit-spicebird-geregelt-kriegen\/","url_meta":{"origin":208,"position":5},"title":"Die Dinge mit Spicebird geregelt kriegen","author":"Stephan Lamprecht, Ahrensburg","date":"30\/3\/2009","format":"aside","excerpt":"Derzeit besch\u00e4ftige ich mich recht intensiv mit Werkzeugen und Programmen aus der Firefox- und Mozilla-Familie. Zwar hatte ich vor einigen Wochen schon einmal im Internet von Spicebird gelesen, mich dann aber doch nicht mit dem Programm besch\u00e4ftigt. Ein Fehler, wie ich heute feststellen muss. Unter Linux habe ich eine Weile\u2026","rel":"","context":"In &quot;allgemein&quot;","block_context":{"text":"allgemein","link":"https:\/\/news.lamprecht.net\/index.php\/category\/stamm\/allgemein\/"},"img":{"alt_text":"","src":"https:\/\/i0.wp.com\/news.lamprecht.net\/wp-content\/uploads\/spicebird-small.jpg?resize=350%2C200&ssl=1","width":350,"height":200},"classes":[]}],"_links":{"self":[{"href":"https:\/\/news.lamprecht.net\/index.php\/wp-json\/wp\/v2\/posts\/208","targetHints":{"allow":["GET"]}}],"collection":[{"href":"https:\/\/news.lamprecht.net\/index.php\/wp-json\/wp\/v2\/posts"}],"about":[{"href":"https:\/\/news.lamprecht.net\/index.php\/wp-json\/wp\/v2\/types\/post"}],"author":[{"embeddable":true,"href":"https:\/\/news.lamprecht.net\/index.php\/wp-json\/wp\/v2\/users\/2"}],"replies":[{"embeddable":true,"href":"https:\/\/news.lamprecht.net\/index.php\/wp-json\/wp\/v2\/comments?post=208"}],"version-history":[{"count":0,"href":"https:\/\/news.lamprecht.net\/index.php\/wp-json\/wp\/v2\/posts\/208\/revisions"}],"wp:attachment":[{"href":"https:\/\/news.lamprecht.net\/index.php\/wp-json\/wp\/v2\/media?parent=208"}],"wp:term":[{"taxonomy":"category","embeddable":true,"href":"https:\/\/news.lamprecht.net\/index.php\/wp-json\/wp\/v2\/categories?post=208"},{"taxonomy":"post_tag","embeddable":true,"href":"https:\/\/news.lamprecht.net\/index.php\/wp-json\/wp\/v2\/tags?post=208"}],"curies":[{"name":"wp","href":"https:\/\/api.w.org\/{rel}","templated":true}]}}