{"id":2048,"date":"2011-02-25T14:54:18","date_gmt":"2011-02-25T12:54:18","guid":{"rendered":"https:\/\/news.lamprecht.net\/?p=2048"},"modified":"2011-02-25T14:54:18","modified_gmt":"2011-02-25T12:54:18","slug":"au-weia-t3n","status":"publish","type":"post","link":"https:\/\/news.lamprecht.net\/index.php\/2011\/02\/25\/au-weia-t3n\/","title":{"rendered":"Au weia, T3N"},"content":{"rendered":"<p>Ab und an habe ich an dieser Stelle auch einmal \u00fcber &#8220;t3N&#8221; berichtet. Ein Magazin, das sich aus meiner Sicht inhaltlich und optisch gefunden hatte. Die Betonung liegt auf &#8220;hatte&#8221;, denn die aktuelle Ausgabe wartet mit einem neuen Layout auf. Das ist auch wieder nicht ganz richtig, denn &#8220;neu&#8221; ist an dem Layout lediglich, dass t3n bisher anders ausgesehen hat. Klimaneutral und mattes Papier, einverstanden. Aber das Layout mit den fetten Trauerbalken ist nun absolut 90er. Und nicht so \u00fcberzeugend, als dass es jetzt als Retro-Version noch mal gebraucht w\u00fcrde. Vielleicht hat einer meiner Leser eine alte Ausgabe der Internet Professionell aus den Jahren 98 oder 99? Dann bitte dringend nach Hannover schicken, damit man sich da dann ein bisschen sch\u00e4mt. &#8220;Dieses Magazin wurde auf Basis von Open-Source- und XML-Technologien automatisiert gesetzt&#8221;. So steht es in jeder Ausgabe. Ab jetzt sieht man das leider auch. Schade.<\/p>\n","protected":false},"excerpt":{"rendered":"<p>Ab und an habe ich an dieser Stelle auch einmal \u00fcber &#8220;t3N&#8221; berichtet. Ein Magazin, das sich aus meiner Sicht inhaltlich und optisch gefunden hatte. Die Betonung liegt auf &#8220;hatte&#8221;, denn die aktuelle Ausgabe wartet mit einem neuen Layout auf. Das ist auch wieder nicht ganz richtig, denn &#8220;neu&#8221; ist an dem Layout lediglich, dass &hellip; <\/p>\n<p class=\"link-more\"><a href=\"https:\/\/news.lamprecht.net\/index.php\/2011\/02\/25\/au-weia-t3n\/\" class=\"more-link\"><span class=\"screen-reader-text\">\u201eAu weia, T3N\u201c <\/span>weiterlesen<\/a><\/p>\n","protected":false},"author":2,"featured_media":0,"comment_status":"open","ping_status":"open","sticky":false,"template":"","format":"aside","meta":{"advanced_seo_description":"","jetpack_seo_html_title":"","jetpack_seo_noindex":false,"_jetpack_memberships_contains_paid_content":false,"footnotes":"","jetpack_publicize_message":"","jetpack_publicize_feature_enabled":true,"jetpack_social_post_already_shared":false,"jetpack_social_options":{"image_generator_settings":{"template":"highway","default_image_id":0,"font":"","enabled":false},"version":2}},"categories":[1],"tags":[27,4,231],"class_list":["post-2048","post","type-post","status-publish","format-aside","hentry","category-allgemein","tag-journalismus","tag-marginalia","tag-t3n","post_format-post-format-aside"],"wppr_data":[],"jetpack_publicize_connections":[],"jetpack_featured_media_url":"","jetpack_shortlink":"https:\/\/wp.me\/pOKED-x2","jetpack_sharing_enabled":true,"jetpack-related-posts":[{"id":306,"url":"https:\/\/news.lamprecht.net\/index.php\/2005\/09\/13\/typo-3-fanzine-t3n\/","url_meta":{"origin":2048,"position":0},"title":"Typo 3 Fanzine &#8220;T3N&#8221;","author":"Stephan Lamprecht, Ahrensburg","date":"13\/9\/2005","format":"aside","excerpt":"Da liegt es also vor mir: die Erstausgabe von T3N dem neuen \"Magazin f\u00fcr Typo3 und OpenSource-Technologien\". Der Untertitel verspricht viel und der Preis von 8 Euro ist auch ganz ordentlich. Die Erwartungen sind damit hoch gesteckt. Aufmachung und Layout: Die gew\u00e4hlten Typen sind modern, das Layout zweispaltig und wenig\u2026","rel":"","context":"In \"Marginalia\"","block_context":{"text":"Marginalia","link":"https:\/\/news.lamprecht.net\/index.php\/tag\/marginalia\/"},"img":{"alt_text":"","src":"","width":0,"height":0},"classes":[]},{"id":155,"url":"https:\/\/news.lamprecht.net\/index.php\/2005\/05\/03\/avdc-ein-neues-heft-von-vnu\/","url_meta":{"origin":2048,"position":1},"title":"AVDC &#8211; ein neues Heft von VNU (Update)","author":"Stephan Lamprecht, Ahrensburg","date":"3\/5\/2005","format":"aside","excerpt":"Vom \"VNU-Verlag\":http:\/\/www.vnu.de, der auch die Zeitschrift \"PC Professionell\" herausgibt, gibt es ein neues Heft. Ich stelle mal an den Anfang dieser kurzen Besprechung ein Zitat aus der Nullnummer, die auf der CeBIT kursierte: bq. \"Schrauben ist out. Genie\u00dfen ist in. Keine ewigen Klickorgien, sondern das Beste sehen, das Netz erfahren\u2026","rel":"","context":"In \"Marginalia\"","block_context":{"text":"Marginalia","link":"https:\/\/news.lamprecht.net\/index.php\/tag\/marginalia\/"},"img":{"alt_text":"","src":"","width":0,"height":0},"classes":[]},{"id":1608,"url":"https:\/\/news.lamprecht.net\/index.php\/2009\/09\/15\/wordpress-mit-image-editor-geht-es-denn-noch\/","url_meta":{"origin":2048,"position":2},"title":"WordPress mit Image Editor &#8211; geht es denn noch?","author":"Stephan Lamprecht, Ahrensburg","date":"15\/9\/2009","format":"aside","excerpt":"Derzeit hecheln die einschl\u00e4gigen Wordpress-Blogs nur ein Thema durch. Die neue Version 2.9 wird einen Bildeditor enthalten. Ja, toll. Immer weiter mit der Featureritis. Statt den Funktionsoverkill weiter voran zu treiben, w\u00fcrden aus meiner Sicht dem gesamten Konstrukt zwei wesentliche Dinge gut tun. Einerseits ein Re-Design der Funktionen f\u00fcr das\u2026","rel":"","context":"In &quot;allgemein&quot;","block_context":{"text":"allgemein","link":"https:\/\/news.lamprecht.net\/index.php\/category\/stamm\/allgemein\/"},"img":{"alt_text":"","src":"","width":0,"height":0},"classes":[]},{"id":1923,"url":"https:\/\/news.lamprecht.net\/index.php\/2010\/05\/17\/opensource-kommunismus-nicht-ganz\/","url_meta":{"origin":2048,"position":3},"title":"OpenSource = Kommunismus? Nicht, ganz.","author":"Stephan Lamprecht, Ahrensburg","date":"17\/5\/2010","format":"aside","excerpt":"In einem Interview mit t3n hat der Chef von Parallels sich zu dieser \u00c4u\u00dferung hinrei\u00dfen lassen: Hier wird oft nicht danach entschieden, was die Anwender wollen oder was aus technischer Sicht den meisten Sinn macht, sondern nach den pers\u00f6nlichen Vorlieben und Aversionen der jeweiligen Projektleiter. Ich glaube, ich stehe nicht\u2026","rel":"","context":"In &quot;allgemein&quot;","block_context":{"text":"allgemein","link":"https:\/\/news.lamprecht.net\/index.php\/category\/stamm\/allgemein\/"},"img":{"alt_text":"","src":"","width":0,"height":0},"classes":[]},{"id":1657,"url":"https:\/\/news.lamprecht.net\/index.php\/2009\/10\/26\/nun-ist-der-das-business-punk\/","url_meta":{"origin":2048,"position":4},"title":"Nun ist der, das Business Punk","author":"Stephan Lamprecht, Ahrensburg","date":"26\/10\/2009","format":"aside","excerpt":"Nun ist die neueste Kreation aus dem Hause Gruner+Jahr auch an den Kiosken erh\u00e4ltlich. Der \"Business Punk\" wartet auf seine Leser. Mit einem Kaufpreis von 6 Euro sicherlich nicht gerade ein Mitnahmeartikel, m\u00f6chte das Heft wohl diejenigen Kr\u00e4fte in der Wirtschaft ansprechen, die sich innerlich als \"Punks\" mit der dazugeh\u00f6rigen\u2026","rel":"","context":"In &quot;allgemein&quot;","block_context":{"text":"allgemein","link":"https:\/\/news.lamprecht.net\/index.php\/category\/stamm\/allgemein\/"},"img":{"alt_text":"","src":"","width":0,"height":0},"classes":[]},{"id":1509,"url":"https:\/\/news.lamprecht.net\/index.php\/2009\/06\/29\/papyrus-autor-die-beste-textverarbeitung-die-ich-je-hatte\/","url_meta":{"origin":2048,"position":5},"title":"Papyrus Autor &#8211; die beste Textverarbeitung, die ich je hatte","author":"Stephan Lamprecht, Ahrensburg","date":"29\/6\/2009","format":"aside","excerpt":"Dass MS Word nicht das Ma\u00df aller Dinge ist, wissen die Anwender sp\u00e4testens seit dem OpenOffice-Projekt, das dieser Alternative eine Popularit\u00e4t geschenkt hat, die Sun mit seinem kommerziellen StarOffice nie erreichen konnte. Es gibt aber noch viele weitere Textverarbeitungen, die sich eines treuen und zufriedenen Anwenderkreises erfreuen, dennoch weithin unbekannt\u2026","rel":"","context":"In &quot;allgemein&quot;","block_context":{"text":"allgemein","link":"https:\/\/news.lamprecht.net\/index.php\/category\/stamm\/allgemein\/"},"img":{"alt_text":"","src":"https:\/\/i0.wp.com\/news.lamprecht.net\/wp-content\/uploads\/papyrus-1-small.jpg?resize=350%2C200&ssl=1","width":350,"height":200},"classes":[]}],"_links":{"self":[{"href":"https:\/\/news.lamprecht.net\/index.php\/wp-json\/wp\/v2\/posts\/2048","targetHints":{"allow":["GET"]}}],"collection":[{"href":"https:\/\/news.lamprecht.net\/index.php\/wp-json\/wp\/v2\/posts"}],"about":[{"href":"https:\/\/news.lamprecht.net\/index.php\/wp-json\/wp\/v2\/types\/post"}],"author":[{"embeddable":true,"href":"https:\/\/news.lamprecht.net\/index.php\/wp-json\/wp\/v2\/users\/2"}],"replies":[{"embeddable":true,"href":"https:\/\/news.lamprecht.net\/index.php\/wp-json\/wp\/v2\/comments?post=2048"}],"version-history":[{"count":1,"href":"https:\/\/news.lamprecht.net\/index.php\/wp-json\/wp\/v2\/posts\/2048\/revisions"}],"predecessor-version":[{"id":2049,"href":"https:\/\/news.lamprecht.net\/index.php\/wp-json\/wp\/v2\/posts\/2048\/revisions\/2049"}],"wp:attachment":[{"href":"https:\/\/news.lamprecht.net\/index.php\/wp-json\/wp\/v2\/media?parent=2048"}],"wp:term":[{"taxonomy":"category","embeddable":true,"href":"https:\/\/news.lamprecht.net\/index.php\/wp-json\/wp\/v2\/categories?post=2048"},{"taxonomy":"post_tag","embeddable":true,"href":"https:\/\/news.lamprecht.net\/index.php\/wp-json\/wp\/v2\/tags?post=2048"}],"curies":[{"name":"wp","href":"https:\/\/api.w.org\/{rel}","templated":true}]}}