{"id":17,"date":"2005-02-06T10:09:12","date_gmt":"2005-02-06T09:09:12","guid":{"rendered":"https:\/\/news.lamprecht.net\/?p=17"},"modified":"2005-02-06T16:19:21","modified_gmt":"2005-02-06T15:19:21","slug":"wenn-die-eigene-arbeit-zitiert-wird","status":"publish","type":"post","link":"https:\/\/news.lamprecht.net\/index.php\/2005\/02\/06\/wenn-die-eigene-arbeit-zitiert-wird\/","title":{"rendered":"Wenn die eigene Arbeit zitiert wird"},"content":{"rendered":"<p>Durch einen Bekannten wurde ich darauf aufmerksam gemacht, dass mein kleines B\u00fcchlein &#8220;Professionelle Recherche im Internet&#8221; inzwischen h\u00e4ufiger in Lehrveranstaltungen und Hausarbeiten der Fachrichtungen Informatik zitiert wird.<br \/>\nTats\u00e4chlich habe auch ich ein solches Exemplar auftreiben k\u00f6nnen. In &#8220;Recherchestrategien im Internet Eine Hausarbeit im Rahmen der Lehrveranstaltung Informationsmanagement I FHTW Berlin  Studiengang Wirtschaftsinformatik Sommersemester 2002&#8221; wird das Buch mehrfach als Quelle genannt.<br \/>\nEin merkw\u00fcrdiges Gef\u00fchl: Auf der einen Seite nat\u00fcrlich stolz auf die eigene Arbeit, auf der anderen Seite schon beachtlich, einen Gebrauchstext (so mein Verst\u00e4ndnis des Buches) in diesem Kontext zitiert zu sehen.<\/p>\n","protected":false},"excerpt":{"rendered":"<p>Durch einen Bekannten wurde ich darauf aufmerksam gemacht, dass mein kleines B\u00fcchlein &#8220;Professionelle Recherche im Internet&#8221; inzwischen h\u00e4ufiger in Lehrveranstaltungen und Hausarbeiten der Fachrichtungen Informatik zitiert wird. Tats\u00e4chlich habe auch ich ein solches Exemplar auftreiben k\u00f6nnen. In &#8220;Recherchestrategien im Internet Eine Hausarbeit im Rahmen der Lehrveranstaltung Informationsmanagement I FHTW Berlin Studiengang Wirtschaftsinformatik Sommersemester 2002&#8221; wird &hellip; <\/p>\n<p class=\"link-more\"><a href=\"https:\/\/news.lamprecht.net\/index.php\/2005\/02\/06\/wenn-die-eigene-arbeit-zitiert-wird\/\" class=\"more-link\"><span class=\"screen-reader-text\">\u201eWenn die eigene Arbeit zitiert wird\u201c <\/span>weiterlesen<\/a><\/p>\n","protected":false},"author":2,"featured_media":0,"comment_status":"closed","ping_status":"closed","sticky":false,"template":"","format":"aside","meta":{"advanced_seo_description":"","jetpack_seo_html_title":"","jetpack_seo_noindex":false,"_jetpack_memberships_contains_paid_content":false,"footnotes":"","jetpack_publicize_message":"","jetpack_publicize_feature_enabled":true,"jetpack_social_post_already_shared":false,"jetpack_social_options":{"image_generator_settings":{"template":"highway","default_image_id":0,"font":"","enabled":false},"version":2}},"categories":[1],"tags":[336],"class_list":["post-17","post","type-post","status-publish","format-aside","hentry","category-allgemein","tag-allgemein","post_format-post-format-aside"],"wppr_data":[],"jetpack_publicize_connections":[],"jetpack_featured_media_url":"","jetpack_shortlink":"https:\/\/wp.me\/pOKED-h","jetpack_sharing_enabled":true,"jetpack-related-posts":[{"id":176,"url":"https:\/\/news.lamprecht.net\/index.php\/2005\/05\/14\/journalistischer-standesdunkel-und-andere-schwernisse\/","url_meta":{"origin":17,"position":0},"title":"Journalistischer Standesd\u00fcnkel und andere Schwernisse","author":"Stephan Lamprecht, Ahrensburg","date":"14\/5\/2005","format":"aside","excerpt":"Oliver Schwarz ist ein erfolgreicher Mann, dessen Karriere ich seit knapp 10 Jahren begleite. Nicht, weil ich mit ihm befreundet w\u00e4re; tats\u00e4chlich sind wir uns bewusst pers\u00f6nlich noch nie begegnet. Aber Oliver Schwarz verantwortete in den letzten Jahren h\u00e4ufig die Pressearbeit von Unternehmen, \u00fcber deren Produkte ich berichten musste oder\u2026","rel":"","context":"In \"Blogging\"","block_context":{"text":"Blogging","link":"https:\/\/news.lamprecht.net\/index.php\/tag\/blogging\/"},"img":{"alt_text":"","src":"","width":0,"height":0},"classes":[]},{"id":2384,"url":"https:\/\/news.lamprecht.net\/index.php\/2013\/03\/27\/neues-buch-erschienen-und-weitere-in-arbeit\/","url_meta":{"origin":17,"position":1},"title":"Neues Buch erschienen und weitere in Arbeit","author":"Stephan Lamprecht, Ahrensburg","date":"27\/3\/2013","format":false,"excerpt":"Das Erscheinen eines neuen Buches ist vielleicht eine gute Gelegenheit, an dieser Stelle mal wieder \u00fcber aktuelle Projekte zu berichten. Zun\u00e4chst freut es mich sehr, dass mein aktuellstes Werk Mein Business, mein B\u00fcro, mein Mac: Mac f\u00fcr Unternehmer und Freiberufler gerade erschienen ist und ausgeliefert wird. Ich habe in den\u2026","rel":"","context":"In &quot;allgemein&quot;","block_context":{"text":"allgemein","link":"https:\/\/news.lamprecht.net\/index.php\/category\/stamm\/allgemein\/"},"img":{"alt_text":"","src":"http:\/\/www.assoc-amazon.de\/e\/ir?t=redaktionsb0f-21&l=as2&o=3&a=3944165012","width":350,"height":200},"classes":[]},{"id":2232,"url":"https:\/\/news.lamprecht.net\/index.php\/2011\/09\/17\/wie-man-seine-reputation-ruiniert-western-digital-und-my-book-world-edition\/","url_meta":{"origin":17,"position":2},"title":"Wie man seine Reputation ruiniert &#8211; Western Digital und My Book World Edition","author":"Stephan Lamprecht, Ahrensburg","date":"17\/9\/2011","format":false,"excerpt":"Es ist ja kein Geheimnis, dass ich schon etwas l\u00e4nger mit Computern zu tun habe. Und so kann ich mich erinnern, dass Anfang der 90er die Festplatten der Marke Western Digital einen sehr guten Ruf hatten. Wer eine billige L\u00f6sung suchte, griff zu Seagate oder Conner. Die galten unter Profis\u2026","rel":"","context":"In &quot;allgemein&quot;","block_context":{"text":"allgemein","link":"https:\/\/news.lamprecht.net\/index.php\/category\/stamm\/allgemein\/"},"img":{"alt_text":"","src":"","width":0,"height":0},"classes":[]},{"id":1945,"url":"https:\/\/news.lamprecht.net\/index.php\/2010\/05\/28\/das-traffic-prisma-von-herrn-knoof-lohnt-es-sich-wirklich\/","url_meta":{"origin":17,"position":3},"title":"Das Traffic-Prisma von Herrn Knoof &#8211; lohnt es sich wirklich?","author":"Stephan Lamprecht, Ahrensburg","date":"28\/5\/2010","format":"aside","excerpt":"Tobias Knoof, nach eigener Darstellung einer der bekanntesten Info-Marketer Deutschlands, hat mit dem Traffic-Prisma in den vergangenen Wochen f\u00fcr eine wahre Flutwelle an Blogpostings gesorgt. Obwohl ja nun selbst schon eine Weile in der Branche, kannte ich Tobias bisher nicht, aber je nun, das hei\u00dft ja noch nichts. Das Traffic\u2026","rel":"","context":"In &quot;allgemein&quot;","block_context":{"text":"allgemein","link":"https:\/\/news.lamprecht.net\/index.php\/category\/stamm\/allgemein\/"},"img":{"alt_text":"","src":"","width":0,"height":0},"classes":[]},{"id":1459,"url":"https:\/\/news.lamprecht.net\/index.php\/2009\/05\/28\/flowcharts-mit-lucidchart\/","url_meta":{"origin":17,"position":4},"title":"Flowcharts mit LucidChart","author":"Stephan Lamprecht, Ahrensburg","date":"28\/5\/2009","format":"aside","excerpt":"Als ich damit begonnen habe, an dieser Stelle Anwendungen vorzustellen, die vom Desktop ins Web wanderten, gab es meist zwei Kritikpunkte. Ein (noch) nicht vorhandenes Gesch\u00e4ftsmodell und Probleme mit den deutschen Umlauten. Beides kann ich LucidChart nicht vorwerfen. Gleich nach der Er\u00f6ffnung des kostenlosen Nutzerkontos fordert das System den Anwender\u2026","rel":"","context":"In &quot;allgemein&quot;","block_context":{"text":"allgemein","link":"https:\/\/news.lamprecht.net\/index.php\/category\/stamm\/allgemein\/"},"img":{"alt_text":"","src":"https:\/\/i0.wp.com\/news.lamprecht.net\/wp-content\/uploads\/lucid-chart-small.jpg?resize=350%2C200&ssl=1","width":350,"height":200},"classes":[]},{"id":3451,"url":"https:\/\/news.lamprecht.net\/index.php\/2016\/12\/26\/problemloeser-auf-dem-schreibtisch-und-im-hotel\/","url_meta":{"origin":17,"position":5},"title":"Probleml\u00f6ser auf dem Schreibtisch und im Hotel","author":"Stephan Lamprecht, Ahrensburg","date":"26\/12\/2016","format":false,"excerpt":"Unter der Platte meines altgedienten Schreibtischs habe ich vor Jahren einen Kabelkanal angebracht, der eine Verteilerdose sowie die Kabel der mehr oder weniger fest installierten Dinge auf dem Tisch aufnimmt. Schreibtischleuchte, Strom f\u00fcr das Display oder auch das Notebook. Aber bedingt durch meine Arbeit ben\u00f6tige ich tempor\u00e4r doch immer mal\u2026","rel":"","context":"In &quot;allgemein&quot;","block_context":{"text":"allgemein","link":"https:\/\/news.lamprecht.net\/index.php\/category\/stamm\/allgemein\/"},"img":{"alt_text":"","src":"http:\/\/ir-de.amazon-adsystem.com\/e\/ir?t=redaktionsb0f-21&l=as2&o=3&a=B00QKI46OC","width":350,"height":200},"classes":[]}],"_links":{"self":[{"href":"https:\/\/news.lamprecht.net\/index.php\/wp-json\/wp\/v2\/posts\/17","targetHints":{"allow":["GET"]}}],"collection":[{"href":"https:\/\/news.lamprecht.net\/index.php\/wp-json\/wp\/v2\/posts"}],"about":[{"href":"https:\/\/news.lamprecht.net\/index.php\/wp-json\/wp\/v2\/types\/post"}],"author":[{"embeddable":true,"href":"https:\/\/news.lamprecht.net\/index.php\/wp-json\/wp\/v2\/users\/2"}],"replies":[{"embeddable":true,"href":"https:\/\/news.lamprecht.net\/index.php\/wp-json\/wp\/v2\/comments?post=17"}],"version-history":[{"count":0,"href":"https:\/\/news.lamprecht.net\/index.php\/wp-json\/wp\/v2\/posts\/17\/revisions"}],"wp:attachment":[{"href":"https:\/\/news.lamprecht.net\/index.php\/wp-json\/wp\/v2\/media?parent=17"}],"wp:term":[{"taxonomy":"category","embeddable":true,"href":"https:\/\/news.lamprecht.net\/index.php\/wp-json\/wp\/v2\/categories?post=17"},{"taxonomy":"post_tag","embeddable":true,"href":"https:\/\/news.lamprecht.net\/index.php\/wp-json\/wp\/v2\/tags?post=17"}],"curies":[{"name":"wp","href":"https:\/\/api.w.org\/{rel}","templated":true}]}}