{"id":1655,"date":"2009-10-21T18:57:57","date_gmt":"2009-10-21T16:57:57","guid":{"rendered":"https:\/\/news.lamprecht.net\/index.php\/2009\/10\/21\/macht-auf-die-server-die-server-macht-weit\/"},"modified":"2009-10-21T18:57:57","modified_gmt":"2009-10-21T16:57:57","slug":"macht-auf-die-server-die-server-macht-weit","status":"publish","type":"post","link":"https:\/\/news.lamprecht.net\/index.php\/2009\/10\/21\/macht-auf-die-server-die-server-macht-weit\/","title":{"rendered":"Macht auf die Server, die Server macht weit"},"content":{"rendered":"<p>Nun ist es also drau\u00dfen, das n\u00e4chste Update f\u00fcr die Software WordPress. Und auch diesmal steht der Sicherheitsaspekt im Vordergrund. Das Problem an den Tagen, wo im Backend des Programms alle Admins dar\u00fcber informiert werden, dass eine neue Version des Programms herausgekommen ist, wollen die Administratoren nat\u00fcrlich auch die Sicherheitsl\u00fccken schlie\u00dfen. Und, ebenfalls wie immer, zeigen sich die WordPress-Server von diesem Verhalten total \u00fcberrascht. Die Downloadrate f\u00fcr das manuell Update bricht stellenweise auf ISDN-Niveau ein und das automatische Update verabschiedet sich mit einem Timeout. Also wird meine WordPress-Wunschliste um einen Punkt l\u00e4nger. Leute, baut Eure Serverkapazit\u00e4ten so auf, wie es sich ein marktf\u00fchrendes Produkt geziemt!      <\/p>\n<p style=\"font-size: 10px;\">  <a href=\"http:\/\/posterous.com\">Posted via email<\/a>   from <a href=\"http:\/\/slamprecht.posterous.com\/macht-auf-die-server-die-server-macht-weit\">slamprecht&#8217;s posterous<\/a>  <\/p>\n","protected":false},"excerpt":{"rendered":"<p>Nun ist es also drau\u00dfen, das n\u00e4chste Update f\u00fcr die Software WordPress. Und auch diesmal steht der Sicherheitsaspekt im Vordergrund. Das Problem an den Tagen, wo im Backend des Programms alle Admins dar\u00fcber informiert werden, dass eine neue Version des Programms herausgekommen ist, wollen die Administratoren nat\u00fcrlich auch die Sicherheitsl\u00fccken schlie\u00dfen. Und, ebenfalls wie immer, &hellip; <\/p>\n<p class=\"link-more\"><a href=\"https:\/\/news.lamprecht.net\/index.php\/2009\/10\/21\/macht-auf-die-server-die-server-macht-weit\/\" class=\"more-link\"><span class=\"screen-reader-text\">\u201eMacht auf die Server, die Server macht weit\u201c <\/span>weiterlesen<\/a><\/p>\n","protected":false},"author":2,"featured_media":0,"comment_status":"open","ping_status":"open","sticky":false,"template":"","format":"aside","meta":{"advanced_seo_description":"","jetpack_seo_html_title":"","jetpack_seo_noindex":false,"_jetpack_memberships_contains_paid_content":false,"footnotes":"","jetpack_publicize_message":"","jetpack_publicize_feature_enabled":true,"jetpack_social_post_already_shared":false,"jetpack_social_options":{"image_generator_settings":{"template":"highway","default_image_id":0,"font":"","enabled":false},"version":2}},"categories":[1],"tags":[],"class_list":["post-1655","post","type-post","status-publish","format-aside","hentry","category-allgemein","post_format-post-format-aside"],"wppr_data":[],"jetpack_publicize_connections":[],"jetpack_featured_media_url":"","jetpack_shortlink":"https:\/\/wp.me\/pOKED-qH","jetpack_sharing_enabled":true,"jetpack-related-posts":[{"id":1067,"url":"https:\/\/news.lamprecht.net\/index.php\/2008\/06\/26\/wissen-wo-ihre-zeit-bleibt-rescuetime\/","url_meta":{"origin":1655,"position":0},"title":"Wissen wo Ihre Zeit bleibt! RescueTime","author":"Stephan Lamprecht, Ahrensburg","date":"26\/6\/2008","format":"aside","excerpt":"Sie wollen Zeitdieben auf die Spur kommen? Oder brauchen einen Anhaltspunkt, wie lange Sie f\u00fcr eine Projektarbeit ben\u00f6tigen? Mit RescueTime gehen Sie beiden Fragestellungen auf den Grund. Er\u00f6ffnen Sie dort zun\u00e4chst ein kostenloses Benutzerkonto. Im n\u00e4chsten Schritt laden Sie sich ein kleines Tool auf den Rechner, das offiziell f\u00fcr Windows\u2026","rel":"","context":"In \"Selbstmanagement\"","block_context":{"text":"Selbstmanagement","link":"https:\/\/news.lamprecht.net\/index.php\/tag\/selbstmanagement\/"},"img":{"alt_text":"rescue1","src":"https:\/\/i0.wp.com\/news.lamprecht.net\/wp-content\/images\/rescue1-small-20080622111942.jpg?resize=350%2C200&ssl=1","width":350,"height":200},"classes":[]},{"id":1404,"url":"https:\/\/news.lamprecht.net\/index.php\/2009\/04\/30\/onepoint-project-exzellente-projektsoftware\/","url_meta":{"origin":1655,"position":1},"title":"Onepoint Project &#8211; exzellente Projektsoftware","author":"Stephan Lamprecht, Ahrensburg","date":"30\/4\/2009","format":"aside","excerpt":"Mit Onepoint m\u00f6chte ich Ihnen heute eine noch weithin unbekannte Software f\u00fcr das Projektmanagement vorstellen, die den Vorzug besitzt, sowohl f\u00fcr Windows als auch Linux angeboten zu werden. Das in Java geschriebene Programm ist einfach zu installieren. Nach dem ersten Start blicken Sie auf eine sehr aufger\u00e4umt wirkende Oberfl\u00e4che, die\u2026","rel":"","context":"In &quot;allgemein&quot;","block_context":{"text":"allgemein","link":"https:\/\/news.lamprecht.net\/index.php\/category\/stamm\/allgemein\/"},"img":{"alt_text":"","src":"https:\/\/i0.wp.com\/news.lamprecht.net\/wp-content\/uploads\/onepoint-2-small.jpg?resize=350%2C200&ssl=1","width":350,"height":200},"classes":[]},{"id":770,"url":"https:\/\/news.lamprecht.net\/index.php\/2007\/06\/18\/iscrybe-im-langzeittest\/","url_meta":{"origin":1655,"position":2},"title":"IScrybe im Langzeittest","author":"Stephan Lamprecht, Ahrensburg","date":"18\/6\/2007","format":"aside","excerpt":"Immer wieder stelle ich an dieser Stelle Online-Werkzeuge f\u00fcr das Zeit- und Selbstmanagement vor, die oftmals einen viel, h\u00e4ufig aber auch einen wenig versprechenden Eindruck machen. Deswegen unterziehe ich in loser Folge das eine oder andere Angebot einem l\u00e4ngeren Praxistest. Den Anfang bildet IScrybe, mit dem ich mich in den\u2026","rel":"","context":"In \"Selbstmanagement\"","block_context":{"text":"Selbstmanagement","link":"https:\/\/news.lamprecht.net\/index.php\/tag\/selbstmanagement\/"},"img":{"alt_text":"","src":"","width":0,"height":0},"classes":[]},{"id":2324,"url":"https:\/\/news.lamprecht.net\/index.php\/2012\/09\/16\/erfahrungen-mit-dem-google-nexus-7-kein-ipad-killer\/","url_meta":{"origin":1655,"position":3},"title":"Erfahrungen mit dem Google Nexus 7 &#8211; (k)ein iPad Killer","author":"Stephan Lamprecht, Ahrensburg","date":"16\/9\/2012","format":false,"excerpt":"Seit 14 Tagen bereichert das Google Nexus 7 Tablet den Ger\u00e4tepark in unserem Haushalt. Viel wurde in der Vorberichterstattung dazu bereits geschrieben. Sogar von einem \u00e2\u20ac\u0153iPad-Killer\u00e2\u20ac\u009d war vereinzelt die Rede. Gen\u00fcgend Vorschusslorbeeren f\u00fcr ein kleines Tablet also. Bestellung und Unboxing Ich habe am Erstverkaufstag das Nexus direkt im Google PlayStore\u2026","rel":"","context":"In &quot;allgemein&quot;","block_context":{"text":"allgemein","link":"https:\/\/news.lamprecht.net\/index.php\/category\/stamm\/allgemein\/"},"img":{"alt_text":"","src":"https:\/\/i0.wp.com\/news.lamprecht.net\/wp-content\/uploads\/swiftkey-tablet-android-tm.jpg?resize=350%2C200&ssl=1","width":350,"height":200},"classes":[]},{"id":2368,"url":"https:\/\/news.lamprecht.net\/index.php\/2013\/02\/12\/mit-diesen-werkzeugen-arbeite-ich\/","url_meta":{"origin":1655,"position":4},"title":"Mit diesen Werkzeugen arbeite ich","author":"Stephan Lamprecht, Ahrensburg","date":"12\/2\/2013","format":false,"excerpt":"Diesen Artikel habe ich nun schon eine Weile aufgeschoben. In den vergangenen Jahren kamen zwar immer mal wieder pers\u00f6nliche Mails, die um einen Software-Tipps gebeten hatten, aber irgendwie fehlte mir der ausschlaggebende Impuls, um mal ein paar Worte \u00fcber meine Ausr\u00fcstung zu verlieren. Vor einigen Wochen habe ich indes die\u2026","rel":"","context":"In &quot;allgemein&quot;","block_context":{"text":"allgemein","link":"https:\/\/news.lamprecht.net\/index.php\/category\/stamm\/allgemein\/"},"img":{"alt_text":"","src":"","width":0,"height":0},"classes":[]},{"id":2459,"url":"https:\/\/news.lamprecht.net\/index.php\/2013\/09\/25\/duden-digital-korrektor-professional\/","url_meta":{"origin":1655,"position":5},"title":"Duden Digital Korrektor Professional","author":"Stephan Lamprecht, Ahrensburg","date":"25\/9\/2013","format":false,"excerpt":"Schon erstaunlich, dass ein Produkt zur Rechtschreibpr\u00fcfung der deutschen Sprache nicht ohne einen Anglizismus im Namen auskommt. Hinter dem etwas sperrigem Namen verbirgt sich die neue Version des bisher unter \"Duden Korrektor\" bekannten Programms. Doch nicht nur der Name ist neu. Auch am Gesch\u00e4ftsmodell, den Funktionen und den Lizenzen hat\u2026","rel":"","context":"In &quot;allgemein&quot;","block_context":{"text":"allgemein","link":"https:\/\/news.lamprecht.net\/index.php\/category\/stamm\/allgemein\/"},"img":{"alt_text":"","src":"","width":0,"height":0},"classes":[]}],"_links":{"self":[{"href":"https:\/\/news.lamprecht.net\/index.php\/wp-json\/wp\/v2\/posts\/1655","targetHints":{"allow":["GET"]}}],"collection":[{"href":"https:\/\/news.lamprecht.net\/index.php\/wp-json\/wp\/v2\/posts"}],"about":[{"href":"https:\/\/news.lamprecht.net\/index.php\/wp-json\/wp\/v2\/types\/post"}],"author":[{"embeddable":true,"href":"https:\/\/news.lamprecht.net\/index.php\/wp-json\/wp\/v2\/users\/2"}],"replies":[{"embeddable":true,"href":"https:\/\/news.lamprecht.net\/index.php\/wp-json\/wp\/v2\/comments?post=1655"}],"version-history":[{"count":0,"href":"https:\/\/news.lamprecht.net\/index.php\/wp-json\/wp\/v2\/posts\/1655\/revisions"}],"wp:attachment":[{"href":"https:\/\/news.lamprecht.net\/index.php\/wp-json\/wp\/v2\/media?parent=1655"}],"wp:term":[{"taxonomy":"category","embeddable":true,"href":"https:\/\/news.lamprecht.net\/index.php\/wp-json\/wp\/v2\/categories?post=1655"},{"taxonomy":"post_tag","embeddable":true,"href":"https:\/\/news.lamprecht.net\/index.php\/wp-json\/wp\/v2\/tags?post=1655"}],"curies":[{"name":"wp","href":"https:\/\/api.w.org\/{rel}","templated":true}]}}