{"id":1142,"date":"2008-10-26T04:00:26","date_gmt":"2008-10-26T02:00:26","guid":{"rendered":"https:\/\/news.lamprecht.net\/index.php\/2008\/10\/26\/links-for-2008-10-25\/"},"modified":"2008-10-26T04:00:26","modified_gmt":"2008-10-26T02:00:26","slug":"links-for-2008-10-25","status":"publish","type":"post","link":"https:\/\/news.lamprecht.net\/index.php\/2008\/10\/26\/links-for-2008-10-25\/","title":{"rendered":"links for 2008-10-25"},"content":{"rendered":"<ul class=\"delicious\">\n<li>\n<div class=\"delicious-link\"><a href=\"http:\/\/www.brandeins.de\/home\/inhalt_detail.asp?id=2775&amp;MenuID=130&amp;MagID=105&amp;sid=su85177230717960940&amp;umenuid=1\">brand eins Magazin &#8211; Inhalte<\/a><\/div>\n<div class=\"delicious-extended\">Die Unternehmen werden immer effizienter, Mitarbeiter wie Vorgesetzte geraten immer st\u00e4rker unter Druck.<br \/>\nUnd f\u00fcr Anerkennung bleibt immer weniger Zeit.<br \/>\nEffektiver kann man eine<br \/>\nOrganisation nicht sauer fahren.<\/div>\n<div class=\"delicious-tags\">(tags: <a href=\"http:\/\/delicious.com\/slamprecht\/arbeitswelt\">arbeitswelt<\/a> <a href=\"http:\/\/delicious.com\/slamprecht\/effizienz\">effizienz<\/a> <a href=\"http:\/\/delicious.com\/slamprecht\/management\">management<\/a>)<\/div>\n<\/li>\n<li>\n<div class=\"delicious-link\"><a href=\"http:\/\/www.faz.net\/s\/Rub4C34FD0B1A7E46B88B0653D6358499FF\/Doc~E0CAFDD5C629D43BB9DBDCF7670711750~ATpl~Ecommon~Scontent.html\">25 Jahre \u00e2\u20ac\u017ec&#039;t\u00e2\u20ac\u0153: M\u00e4nner, die alles genau wissen wollen &#8211; Computer &amp; Internet &#8211; Computer &amp; Technik &#8211; FAZ.NET<\/a><\/div>\n<div class=\"delicious-extended\">In einer Computerredaktion kann es eigentlich nicht anders aussehen: fast nur M\u00e4nner an den Schreibtischen, dort mindestens zwei PCs je Redakteur, h\u00e4ufig auch mehr, meist mit offenem Geh\u00e4use, und das gesamte Drumherum l\u00e4sst deutlich erahnen, dass M\u00e4nner andere Ordnungsprinzipien als Frauen haben.<\/div>\n<div class=\"delicious-tags\">(tags: <a href=\"http:\/\/delicious.com\/slamprecht\/medien\">medien<\/a> <a href=\"http:\/\/delicious.com\/slamprecht\/ct\">ct<\/a> <a href=\"http:\/\/delicious.com\/slamprecht\/geburtstag\">geburtstag<\/a> <a href=\"http:\/\/delicious.com\/slamprecht\/journalismus\">journalismus<\/a>)<\/div>\n<\/li>\n<\/ul>\n","protected":false},"excerpt":{"rendered":"<p>brand eins Magazin &#8211; Inhalte Die Unternehmen werden immer effizienter, Mitarbeiter wie Vorgesetzte geraten immer st\u00e4rker unter Druck. Und f\u00fcr Anerkennung bleibt immer weniger Zeit. Effektiver kann man eine Organisation nicht sauer fahren. (tags: arbeitswelt effizienz management) 25 Jahre \u00e2\u20ac\u017ec&#039;t\u00e2\u20ac\u0153: M\u00e4nner, die alles genau wissen wollen &#8211; Computer &amp; Internet &#8211; Computer &amp; Technik &#8211; &hellip; <\/p>\n<p class=\"link-more\"><a href=\"https:\/\/news.lamprecht.net\/index.php\/2008\/10\/26\/links-for-2008-10-25\/\" class=\"more-link\"><span class=\"screen-reader-text\">\u201elinks for 2008-10-25\u201c <\/span>weiterlesen<\/a><\/p>\n","protected":false},"author":2,"featured_media":0,"comment_status":"open","ping_status":"open","sticky":false,"template":"","format":"aside","meta":{"advanced_seo_description":"","jetpack_seo_html_title":"","jetpack_seo_noindex":false,"_jetpack_memberships_contains_paid_content":false,"footnotes":"","jetpack_publicize_message":"","jetpack_publicize_feature_enabled":true,"jetpack_social_post_already_shared":false,"jetpack_social_options":{"image_generator_settings":{"template":"highway","default_image_id":0,"font":"","enabled":false},"version":2}},"categories":[],"tags":[6],"class_list":["post-1142","post","type-post","status-publish","format-aside","hentry","tag-bookmarks","post_format-post-format-aside"],"wppr_data":[],"jetpack_publicize_connections":[],"jetpack_featured_media_url":"","jetpack_shortlink":"https:\/\/wp.me\/pOKED-iq","jetpack_sharing_enabled":true,"jetpack-related-posts":[{"id":316,"url":"https:\/\/news.lamprecht.net\/index.php\/2005\/09\/22\/computer-des-tages\/","url_meta":{"origin":1142,"position":0},"title":"Computer des Tages?","author":"Stephan Lamprecht, Ahrensburg","date":"22\/9\/2005","format":"aside","excerpt":"Also mir ist ja auch bekannt, dass die Auszeichnungen der IT-Zeitschriften in immer k\u00fcrzeren Zyklen erscheinen, aber die Wahl zum t\u00e4glichen Computer halte ich denn doch f\u00fcr \u00fcbertrieben. Gefunden bei Dell, an einem Donnerstag.","rel":"","context":"In \"Marginalia\"","block_context":{"text":"Marginalia","link":"https:\/\/news.lamprecht.net\/index.php\/tag\/marginalia\/"},"img":{"alt_text":"Computer des Montags","src":"https:\/\/i0.wp.com\/news.lamprecht.net\/wp-content\/images\/montagscomputer.jpg?resize=350%2C200&ssl=1","width":350,"height":200},"classes":[]},{"id":158,"url":"https:\/\/news.lamprecht.net\/index.php\/2005\/05\/03\/das-war-aber-kurz-computer-aktuell-schon-wieder-eingestellt\/","url_meta":{"origin":1142,"position":1},"title":"Das war aber kurz: Computer aktuell schon wieder eingestellt?","author":"Stephan Lamprecht, Ahrensburg","date":"3\/5\/2005","format":"aside","excerpt":"Da habe ich doch erst vor wenigen Tagen die neue Zeitung \"Computer aktuell\" \"vorgestellt\":https:\/\/news.lamprecht.net\/index.php\/04\/23\/computer-akuell-it-goes-boulevard\/, da scheint das Projekt von \"Carsten Scheibe\":http:\/\/www.typemania.de bereits wieder vor dem Aus zu stehen. Die immer gut informierte Ger\u00fcchtek\u00fcche der IT-Journalisten weiss zu berichten, dass die Absatzzahlen der Erstausgabe wohl weit hinter den Erwartungen zur\u00fcckgeblieben sind.\u2026","rel":"","context":"In \"Marginalia\"","block_context":{"text":"Marginalia","link":"https:\/\/news.lamprecht.net\/index.php\/tag\/marginalia\/"},"img":{"alt_text":"","src":"","width":0,"height":0},"classes":[]},{"id":1704,"url":"https:\/\/news.lamprecht.net\/index.php\/2009\/11\/26\/ekmz-hat-getagt-und-gestreamt-lummaland\/","url_meta":{"origin":1142,"position":2},"title":"#ekmz hat getagt und gestreamt | Lummaland","author":"Stephan Lamprecht, Ahrensburg","date":"26\/11\/2009","format":"aside","excerpt":"Hier mein Statement, ausnahmsweise habe ich sogar richtig Text formuliert und bin sogar \u00fcber 5 Minuten Redebeitrag gekommen: Das Internet und wir \u00e2\u20ac\u201c eine langsame Ann\u00e4herung Sehr geehrte Frau Kohnle-Gross, liebe Renate Pepper, sehr geehrte Damen und Herren, liebe Internetnutzer an den Bildschirmen daheim oder am Arbeitsplatz, mein erster Computer\u2026","rel":"","context":"In &quot;allgemein&quot;","block_context":{"text":"allgemein","link":"https:\/\/news.lamprecht.net\/index.php\/category\/stamm\/allgemein\/"},"img":{"alt_text":"","src":"","width":0,"height":0},"classes":[]},{"id":1010,"url":"https:\/\/news.lamprecht.net\/index.php\/2008\/04\/25\/writer-wird-immer-besser\/","url_meta":{"origin":1142,"position":3},"title":"Writer wird immer besser","author":"Stephan Lamprecht, Ahrensburg","date":"25\/4\/2008","format":"aside","excerpt":"Writer, die puristische Textverarbeitung im Internet wird immer besser. Was bleibt, ist die puristische Oberfl\u00e4che, die jegliche Ablenkung vom Schreibenden fernh\u00e4lt. Erg\u00e4nzt wurde aber sinnvolle Funktionen, wie etwa die Option, das Dokument als PDF zu speichern. So gut, wie der Schriftsatz aussieht, wird da im Hintergrund wohl LaTeX verwendet.","rel":"","context":"In \"Bookmarks\"","block_context":{"text":"Bookmarks","link":"https:\/\/news.lamprecht.net\/index.php\/tag\/bookmarks\/"},"img":{"alt_text":"","src":"","width":0,"height":0},"classes":[]},{"id":355,"url":"https:\/\/news.lamprecht.net\/index.php\/2005\/11\/08\/writely-wird-immer-besser\/","url_meta":{"origin":1142,"position":4},"title":"Writely wird immer besser","author":"Stephan Lamprecht, Ahrensburg","date":"8\/11\/2005","format":"aside","excerpt":"Vor einiger Zeit habe ich an dieser Stelle erstmals Writely vorgestellt. Nach allen meinen bisherigen Test derzeit die vollst\u00e4ndigste und bedienerfreundlichste L\u00f6sung, wenn Sie nach einer ASP-Textverarbeitung suchen. Seitdem schreitet die Entwicklung Schritt f\u00fcr Schritt voran, was den Funktionsumfang immer weiter verbessert. Die Weitergabe an verschiedene Blog-APIs funktioniert nun einwandfrei.\u2026","rel":"","context":"In \"Web 2.0\"","block_context":{"text":"Web 2.0","link":"https:\/\/news.lamprecht.net\/index.php\/tag\/web-20\/"},"img":{"alt_text":"Logo Writely","src":"https:\/\/i0.wp.com\/news.lamprecht.net\/wp-content\/images\/writely_logo.jpg?resize=350%2C200&ssl=1","width":350,"height":200},"classes":[]},{"id":714,"url":"https:\/\/news.lamprecht.net\/index.php\/2007\/03\/13\/clipmarks-immer-diese-umlaute\/","url_meta":{"origin":1142,"position":5},"title":"Clipmarks: Immer diese Umlaute","author":"Stephan Lamprecht, Ahrensburg","date":"13\/3\/2007","format":"aside","excerpt":"W\u00e4hrend Services zum Speichern von Bookmarks eine Weile wie Pilze aus dem Boden zu sprie\u00dfen schienen, sind Angebote zum Ablegen ganzer Webseiten eher die Ausnahme. Mit Furl d\u00fcmpelt seit Jahren ein immer noch recht popul\u00e4rer Dienst technologisch dahin, weswegen ich mich Ende 2005 f\u00fcr Clipmarks entschieden habe. Inzwischen haben die\u2026","rel":"","context":"In \"Socialsoftware\"","block_context":{"text":"Socialsoftware","link":"https:\/\/news.lamprecht.net\/index.php\/tag\/socialsoftware\/"},"img":{"alt_text":"","src":"","width":0,"height":0},"classes":[]}],"_links":{"self":[{"href":"https:\/\/news.lamprecht.net\/index.php\/wp-json\/wp\/v2\/posts\/1142","targetHints":{"allow":["GET"]}}],"collection":[{"href":"https:\/\/news.lamprecht.net\/index.php\/wp-json\/wp\/v2\/posts"}],"about":[{"href":"https:\/\/news.lamprecht.net\/index.php\/wp-json\/wp\/v2\/types\/post"}],"author":[{"embeddable":true,"href":"https:\/\/news.lamprecht.net\/index.php\/wp-json\/wp\/v2\/users\/2"}],"replies":[{"embeddable":true,"href":"https:\/\/news.lamprecht.net\/index.php\/wp-json\/wp\/v2\/comments?post=1142"}],"version-history":[{"count":0,"href":"https:\/\/news.lamprecht.net\/index.php\/wp-json\/wp\/v2\/posts\/1142\/revisions"}],"wp:attachment":[{"href":"https:\/\/news.lamprecht.net\/index.php\/wp-json\/wp\/v2\/media?parent=1142"}],"wp:term":[{"taxonomy":"category","embeddable":true,"href":"https:\/\/news.lamprecht.net\/index.php\/wp-json\/wp\/v2\/categories?post=1142"},{"taxonomy":"post_tag","embeddable":true,"href":"https:\/\/news.lamprecht.net\/index.php\/wp-json\/wp\/v2\/tags?post=1142"}],"curies":[{"name":"wp","href":"https:\/\/api.w.org\/{rel}","templated":true}]}}